{"id":183731,"date":"2021-05-21T12:28:34","date_gmt":"2021-05-21T10:28:34","guid":{"rendered":"https:\/\/zjarr.tv\/?p=183731"},"modified":"2021-05-21T12:28:34","modified_gmt":"2021-05-21T10:28:34","slug":"zgjedhjet-brenda-partise-pd-mbledh-te-dielen-kryesine-cfare-pritet-te-vendoset","status":"publish","type":"post","link":"https:\/\/zjarr.tv\/sq\/zgjedhjet-brenda-partise-pd-mbledh-te-dielen-kryesine-cfare-pritet-te-vendoset\/","title":{"rendered":"Zgjedhjet brenda partis\u00eb\/ PD mbledh t\u00eb diel\u00ebn Kryesin\u00eb, \u00e7far\u00eb pritet t\u00eb vendoset\u2026"},"content":{"rendered":"<p>Partia Demokratike do t\u00eb mbledh\u00eb t\u00eb diel\u00ebn Kryesin\u00eb e saj, ku pritet q\u00eb t\u00eb miratohen kandidat\u00ebt p\u00ebr kryetarin e k\u00ebsaj force politike, nd\u00ebrsa zgjedhjet jan\u00eb caktuar t\u00eb mbahen n\u00eb dat\u00ebn 13 Qershor.<\/p>\n<p>M\u00ebsohet se n\u00eb mbledhjen e Kryesis\u00eb, do t\u00eb caktohen qart\u00eb rregullat p\u00ebr mbajtjen e zgjedhjeve, si dhe kush jan\u00eb personat q\u00eb do t\u00eb ken\u00eb t\u00eb drejt\u00eb vote.<\/p>\n<p>Padyshim q\u00eb pjes\u00eb e diskutimit brenda PD, pritet t\u00eb jet\u00eb dhe p\u00ebrplasja m\u00eb e fundit mes ish-kryeministrit Sali Berisha dhe Dash, q\u00eb e shpalli t\u00eb pad\u00ebshiruesh\u00ebm p\u00ebr n\u00eb SHBA liderin historik t\u00eb demokrat\u00ebve.<\/p>\n<p>Derim\u00eb tani, kandidaturat q\u00eb jan\u00eb konfirmuar jan\u00eb ato t\u00eb Lulzim Bash\u00ebs, kryetarit aktual, Fatbardh Kadillit, i cili pritet q\u00eb t\u00eb dor\u00ebzoj\u00eb sot kandidatur\u00ebn, Edith Harxhit dhe Ibsen Elezit, t\u00eb cil\u00ebt p\u00ebrs\u00ebrit\u00ebn dje k\u00ebrkes\u00ebn e tyre p\u00ebr shtyrjen e zgjedhjeve, n\u00eb m\u00ebnyr\u00eb q\u00eb t\u00eb ken\u00eb m\u00eb shum\u00eb koh\u00eb n\u00eb dispozicion p\u00ebr t\u00eb bindur an\u00ebtar\u00ebsin\u00eb.<\/p>\n<p>Zgjedhjet e demokrat\u00ebve, ishin parashikuar t\u00eb mbaheshin n\u00eb muajin Korrik, nd\u00ebrkoh\u00eb q\u00eb afrimi i tyre u propozua nga sekretari i p\u00ebrgjithsh\u00ebm i k\u00ebsaj force politike Gazment Bardhi, me pretendimin p\u00ebr t\u00eb mos c\u00ebnuar sezonin turistik.<\/p>\n<p>&nbsp;<\/p>\n","protected":false},"excerpt":{"rendered":"<p>Partia Demokratike do t\u00eb mbledh\u00eb t\u00eb diel\u00ebn Kryesin\u00eb e saj, ku pritet q\u00eb t\u00eb miratohen kandidat\u00ebt p\u00ebr kryetarin e k\u00ebsaj force politike, nd\u00ebrsa zgjedhjet jan\u00eb caktuar t\u00eb mbahen n\u00eb dat\u00ebn 13 Qershor. M\u00ebsohet se n\u00eb mbledhjen e Kryesis\u00eb, do t\u00eb caktohen qart\u00eb rregullat p\u00ebr mbajtjen e zgjedhjeve, si dhe kush jan\u00eb personat q\u00eb do t\u00eb [&hellip;]<\/p>\n","protected":false},"author":2016,"featured_media":183733,"comment_status":"closed","ping_status":"closed","sticky":false,"template":"","format":"standard","meta":{"footnotes":""},"categories":[241,1454],"tags":[3207],"class_list":{"0":"post-183731","1":"post","2":"type-post","3":"status-publish","4":"format-standard","5":"has-post-thumbnail","7":"category-aktualitet","8":"category-politike","9":"tag-lajme-zjarr-zgjedhjet-brenda-partise-zjarr-tv"},"_links":{"self":[{"href":"https:\/\/zjarr.tv\/sq\/wp-json\/wp\/v2\/posts\/183731","targetHints":{"allow":["GET"]}}],"collection":[{"href":"https:\/\/zjarr.tv\/sq\/wp-json\/wp\/v2\/posts"}],"about":[{"href":"https:\/\/zjarr.tv\/sq\/wp-json\/wp\/v2\/types\/post"}],"author":[{"embeddable":true,"href":"https:\/\/zjarr.tv\/sq\/wp-json\/wp\/v2\/users\/2016"}],"replies":[{"embeddable":true,"href":"https:\/\/zjarr.tv\/sq\/wp-json\/wp\/v2\/comments?post=183731"}],"version-history":[{"count":0,"href":"https:\/\/zjarr.tv\/sq\/wp-json\/wp\/v2\/posts\/183731\/revisions"}],"wp:featuredmedia":[{"embeddable":true,"href":"https:\/\/zjarr.tv\/sq\/wp-json\/wp\/v2\/media\/183733"}],"wp:attachment":[{"href":"https:\/\/zjarr.tv\/sq\/wp-json\/wp\/v2\/media?parent=183731"}],"wp:term":[{"taxonomy":"category","embeddable":true,"href":"https:\/\/zjarr.tv\/sq\/wp-json\/wp\/v2\/categories?post=183731"},{"taxonomy":"post_tag","embeddable":true,"href":"https:\/\/zjarr.tv\/sq\/wp-json\/wp\/v2\/tags?post=183731"}],"curies":[{"name":"wp","href":"https:\/\/api.w.org\/{rel}","templated":true}]}}