{"id":183738,"date":"2021-05-21T12:42:28","date_gmt":"2021-05-21T10:42:28","guid":{"rendered":"https:\/\/zjarr.tv\/?p=183738"},"modified":"2021-05-21T12:42:28","modified_gmt":"2021-05-21T10:42:28","slug":"fatbardh-kadilli-dorezon-kandidaturen-per-kryetar-te-pd-jam-shume-me-superior-nga-ana-morale-se-kryetari-ne-zyre","status":"publish","type":"post","link":"https:\/\/zjarr.tv\/sq\/fatbardh-kadilli-dorezon-kandidaturen-per-kryetar-te-pd-jam-shume-me-superior-nga-ana-morale-se-kryetari-ne-zyre\/","title":{"rendered":"Fatbardh Kadilli dor\u00ebzon kandidatur\u00ebn p\u00ebr kryetar t\u00eb PD: Jam shum\u00eb m\u00eb superior nga ana morale se kryetari n\u00eb zyr\u00eb\u2026"},"content":{"rendered":"<p>Dit\u00ebn e sotme rreth or\u00ebs 12:00, Fatbardh Kadilli dor\u00ebzoi n\u00eb Selin\u00eb Blu zyrtarisht kandidatur\u00ebn e tij, p\u00ebr kryetar t\u00eb Partis\u00eb Demokratike.<\/p>\n<p>Deri m\u00eb tani, Kadilli \u00ebsht\u00eb i vetmi kandidat q\u00eb ka dor\u00ebzuar k\u00ebrkes\u00ebn e tij zyrtare, p\u00ebr gar\u00ebn e zgjedhjeve t\u00eb PD m\u00eb 13 qershor.<\/p>\n<p>Pas dor\u00ebzimit t\u00eb k\u00ebrkes\u00ebs, Kadilli \u00ebsht\u00eb shprehur se tashm\u00eb n\u00eb PD \u00ebsht\u00eb nj\u00eb moment kthese, nd\u00ebrsa tha se nuk do t\u00eb tradhtoj asnj\u00eb demokrat.<\/p>\n<p><em style=\"font-weight: inherit;\">\u201cDor\u00ebzova edhe formalisht k\u00ebrkes\u00ebn p\u00ebr kandidimin p\u00ebr kreun e PD-s\u00eb. \u00cbsht\u00eb nj\u00eb moment shum\u00eb i r\u00ebnd\u00ebsishm\u00eb n\u00eb PD, \u00ebsht\u00eb nj\u00eb moment kthese. Ndon\u00ebse \u00ebsht\u00eb nj\u00eb gar\u00eb asimetrike sa i p\u00ebrket mjeteve n\u00eb dispozicion t\u00eb kandidat\u00ebve. Ne kemi kryetarin q\u00eb nuk del nga zyra. Por ka dhe nj\u00eb asimetri tjet\u00ebr, \u00ebsht\u00eb asimetria morale n\u00eb t\u00eb cil\u00ebn ndjehem shum\u00eb her\u00eb m\u00eb superior. Vij n\u00eb k\u00ebt\u00eb gar\u00eb dhe ballafaqohem me vlerat, zot\u00ebsia p\u00ebr t\u00eb mbajtur fjal\u00ebn e dh\u00ebn\u00eb, aft\u00ebsia e demonstruar n\u00eb 30 vite p\u00ebr t\u00eb qen\u00eb besnik\u00eb me institicionin e PD-s\u00eb, jam njeriu q\u00eb kam kontribuar me past\u00ebrti, nuk do t\u00eb tradh\u00ebtoj asnj\u00eb nga demokrat\u00ebt edhe n\u00eb k\u00ebt\u00eb proces\u201d,\u00a0<\/em>tha Kadilli.<\/p>\n","protected":false},"excerpt":{"rendered":"<p>Dit\u00ebn e sotme rreth or\u00ebs 12:00, Fatbardh Kadilli dor\u00ebzoi n\u00eb Selin\u00eb Blu zyrtarisht kandidatur\u00ebn e tij, p\u00ebr kryetar t\u00eb Partis\u00eb Demokratike. Deri m\u00eb tani, Kadilli \u00ebsht\u00eb i vetmi kandidat q\u00eb ka dor\u00ebzuar k\u00ebrkes\u00ebn e tij zyrtare, p\u00ebr gar\u00ebn e zgjedhjeve t\u00eb PD m\u00eb 13 qershor. Pas dor\u00ebzimit t\u00eb k\u00ebrkes\u00ebs, Kadilli \u00ebsht\u00eb shprehur se tashm\u00eb n\u00eb [&hellip;]<\/p>\n","protected":false},"author":2016,"featured_media":183740,"comment_status":"closed","ping_status":"closed","sticky":false,"template":"","format":"standard","meta":{"footnotes":""},"categories":[241,1454],"tags":[3208],"class_list":{"0":"post-183738","1":"post","2":"type-post","3":"status-publish","4":"format-standard","5":"has-post-thumbnail","7":"category-aktualitet","8":"category-politike","9":"tag-lajme-zjarr-kadilli-dorezon-kandidaturen-per-kryetar-zjarr-tv"},"_links":{"self":[{"href":"https:\/\/zjarr.tv\/sq\/wp-json\/wp\/v2\/posts\/183738","targetHints":{"allow":["GET"]}}],"collection":[{"href":"https:\/\/zjarr.tv\/sq\/wp-json\/wp\/v2\/posts"}],"about":[{"href":"https:\/\/zjarr.tv\/sq\/wp-json\/wp\/v2\/types\/post"}],"author":[{"embeddable":true,"href":"https:\/\/zjarr.tv\/sq\/wp-json\/wp\/v2\/users\/2016"}],"replies":[{"embeddable":true,"href":"https:\/\/zjarr.tv\/sq\/wp-json\/wp\/v2\/comments?post=183738"}],"version-history":[{"count":0,"href":"https:\/\/zjarr.tv\/sq\/wp-json\/wp\/v2\/posts\/183738\/revisions"}],"wp:featuredmedia":[{"embeddable":true,"href":"https:\/\/zjarr.tv\/sq\/wp-json\/wp\/v2\/media\/183740"}],"wp:attachment":[{"href":"https:\/\/zjarr.tv\/sq\/wp-json\/wp\/v2\/media?parent=183738"}],"wp:term":[{"taxonomy":"category","embeddable":true,"href":"https:\/\/zjarr.tv\/sq\/wp-json\/wp\/v2\/categories?post=183738"},{"taxonomy":"post_tag","embeddable":true,"href":"https:\/\/zjarr.tv\/sq\/wp-json\/wp\/v2\/tags?post=183738"}],"curies":[{"name":"wp","href":"https:\/\/api.w.org\/{rel}","templated":true}]}}