{"id":183744,"date":"2021-05-21T13:45:44","date_gmt":"2021-05-21T11:45:44","guid":{"rendered":"https:\/\/zjarr.tv\/?p=183744"},"modified":"2021-05-21T13:45:44","modified_gmt":"2021-05-21T11:45:44","slug":"fotolajm-ambasadorja-yuri-kim-qellon-me-mitraloz-dhe-pistolete-ne-bazen-e-bizes","status":"publish","type":"post","link":"https:\/\/zjarr.tv\/sq\/fotolajm-ambasadorja-yuri-kim-qellon-me-mitraloz-dhe-pistolete-ne-bazen-e-bizes\/","title":{"rendered":"FOTOLAJM\/Ambasadorja Yuri Kim q\u00ebllon me mitraloz dhe pistolet\u00eb n\u00eb baz\u00ebn e Biz\u00ebs"},"content":{"rendered":"<p>K\u00ebt\u00eb jav\u00eb, Ambasadorja e Shteteve t\u00eb Bashkuara Kim, Ministri i Mbrojtjes Peleshi, Gjeneral Major Jim Eifert (Garda Komb\u00ebtare e Florid\u00ebs) dhe Brigadieri Jo Chestnutt (Mbret\u00ebria e Bashkuar) vizituan Zon\u00ebn e Trajnimit n\u00eb Biz\u00eb ku trupat amerikane dhe shqiptare po jetojn\u00eb dhe punojn\u00eb s\u00eb bashku gjat\u00eb #DefenderEurope21, st\u00ebrvitja m\u00eb e madhe ushtarake n\u00eb Ballkanin Per\u00ebndimor e cila po zhvillohet n\u00eb t\u00eb gjith\u00eb Shqip\u00ebrin\u00eb.<\/p>\n<p>Ata ndoq\u00ebn nga af\u00ebr ushtrime zjarri, pjes\u00eb e St\u00ebrvitjes t\u00eb P\u00ebrgjigjes s\u00eb Shpejt\u00eb (nj\u00eb n\u00ebn-st\u00ebrvitje e Defender 21), ku ushtar\u00eb shqiptar\u00eb dhe amerikan\u00eb kryen trajnime t\u00eb p\u00ebrbashk\u00ebta gatishm\u00ebrie, p\u00ebr t\u00eb rritur nd\u00ebrveprimin e NATO-s dhe p\u00ebr t\u00eb treguar aft\u00ebsit\u00eb e tyre n\u00eb parandalimin e konflikteve dhe aft\u00ebsin\u00eb p\u00ebr t\u00eb mbajtur kombet e sigurta.<\/p>\n<p>Si\u00e7 shihet nga pamjet q\u00eb jan\u00eb publikuar sot, krejt pa komplekse diplomatja e lart\u00eb amerikane n\u00eb Tiran\u00eb, \u00ebsht\u00eb shtrir\u00eb n\u00eb tok\u00eb bashk\u00eb me nj\u00eb ushtar\u00eb dhe q\u00ebllon me mitraloz. N\u00eb nj\u00eb foto tjet\u00ebr ajo shfaqet duke sh\u00ebnjestruar dhe q\u00eblluar me pistolet\u00eb.<\/p>\n<p><img loading=\"lazy\" decoding=\"async\" class=\"alignnone size-medium wp-image-183746\" src=\"https:\/\/zjarr.tv\/wp-content\/uploads\/2021\/05\/Untitled-design-2021-05-21T134541.073-300x251.jpg\" alt=\"\" width=\"300\" height=\"251\" srcset=\"https:\/\/zjarr.tv\/wp-content\/uploads\/2021\/05\/Untitled-design-2021-05-21T134541.073-300x251.jpg 300w, https:\/\/zjarr.tv\/wp-content\/uploads\/2021\/05\/Untitled-design-2021-05-21T134541.073-768x644.jpg 768w, https:\/\/zjarr.tv\/wp-content\/uploads\/2021\/05\/Untitled-design-2021-05-21T134541.073-696x583.jpg 696w, https:\/\/zjarr.tv\/wp-content\/uploads\/2021\/05\/Untitled-design-2021-05-21T134541.073-501x420.jpg 501w, https:\/\/zjarr.tv\/wp-content\/uploads\/2021\/05\/Untitled-design-2021-05-21T134541.073.jpg 940w\" sizes=\"auto, (max-width: 300px) 100vw, 300px\" \/><\/p>\n","protected":false},"excerpt":{"rendered":"<p>K\u00ebt\u00eb jav\u00eb, Ambasadorja e Shteteve t\u00eb Bashkuara Kim, Ministri i Mbrojtjes Peleshi, Gjeneral Major Jim Eifert (Garda Komb\u00ebtare e Florid\u00ebs) dhe Brigadieri Jo Chestnutt (Mbret\u00ebria e Bashkuar) vizituan Zon\u00ebn e Trajnimit n\u00eb Biz\u00eb ku trupat amerikane dhe shqiptare po jetojn\u00eb dhe punojn\u00eb s\u00eb bashku gjat\u00eb #DefenderEurope21, st\u00ebrvitja m\u00eb e madhe ushtarake n\u00eb Ballkanin Per\u00ebndimor e [&hellip;]<\/p>\n","protected":false},"author":2030,"featured_media":183745,"comment_status":"closed","ping_status":"closed","sticky":false,"template":"","format":"standard","meta":{"footnotes":""},"categories":[241],"tags":[],"class_list":{"0":"post-183744","1":"post","2":"type-post","3":"status-publish","4":"format-standard","5":"has-post-thumbnail","7":"category-aktualitet"},"_links":{"self":[{"href":"https:\/\/zjarr.tv\/sq\/wp-json\/wp\/v2\/posts\/183744","targetHints":{"allow":["GET"]}}],"collection":[{"href":"https:\/\/zjarr.tv\/sq\/wp-json\/wp\/v2\/posts"}],"about":[{"href":"https:\/\/zjarr.tv\/sq\/wp-json\/wp\/v2\/types\/post"}],"author":[{"embeddable":true,"href":"https:\/\/zjarr.tv\/sq\/wp-json\/wp\/v2\/users\/2030"}],"replies":[{"embeddable":true,"href":"https:\/\/zjarr.tv\/sq\/wp-json\/wp\/v2\/comments?post=183744"}],"version-history":[{"count":0,"href":"https:\/\/zjarr.tv\/sq\/wp-json\/wp\/v2\/posts\/183744\/revisions"}],"wp:featuredmedia":[{"embeddable":true,"href":"https:\/\/zjarr.tv\/sq\/wp-json\/wp\/v2\/media\/183745"}],"wp:attachment":[{"href":"https:\/\/zjarr.tv\/sq\/wp-json\/wp\/v2\/media?parent=183744"}],"wp:term":[{"taxonomy":"category","embeddable":true,"href":"https:\/\/zjarr.tv\/sq\/wp-json\/wp\/v2\/categories?post=183744"},{"taxonomy":"post_tag","embeddable":true,"href":"https:\/\/zjarr.tv\/sq\/wp-json\/wp\/v2\/tags?post=183744"}],"curies":[{"name":"wp","href":"https:\/\/api.w.org\/{rel}","templated":true}]}}