{"id":183749,"date":"2021-05-21T14:25:24","date_gmt":"2021-05-21T12:25:24","guid":{"rendered":"https:\/\/zjarr.tv\/?p=183749"},"modified":"2021-05-21T14:25:24","modified_gmt":"2021-05-21T12:25:24","slug":"elis-buba-berisha-non-grata-pse-pikerisht-ai-pse-pikerisht-tani-cfare-po-i-shpeton-ende-te-tjeret","status":"publish","type":"post","link":"https:\/\/zjarr.tv\/sq\/elis-buba-berisha-non-grata-pse-pikerisht-ai-pse-pikerisht-tani-cfare-po-i-shpeton-ende-te-tjeret\/","title":{"rendered":"Elis Buba\/ Berisha \u2018non grata\u2019, pse pik\u00ebrisht ai, pse pik\u00ebrisht tani? \u00c7far\u00eb po i \u201cshp\u00ebton\u201d ende t\u00eb tjer\u00ebt?"},"content":{"rendered":"<p><strong><em>Nga Elis Buba<\/em><\/strong><\/p>\n<p>Data 19 Maj do hyj\u00eb n\u00eb histori si nj\u00eb dat\u00eb, n\u00eb t\u00eb cil\u00ebn nj\u00eb prej figurave m\u00eb emblematike t\u00eb demokracis\u00eb shkatarraqe t\u00eb Shqip\u00ebris\u00eb, rezultoi nj\u00eb nd\u00ebr shkel\u00ebsit m\u00eb flagrant t\u00eb saj. Pik\u00ebrisht k\u00ebshtu. Nj\u00eb personalitet si Sali Berisha, ai q\u00eb shum\u00eb njer\u00ebz e nj\u00ebsojn\u00eb me vet\u00eb Partin\u00eb Demokratike, u shpall i pad\u00ebshiruar nga DASH, p\u00ebr t\u00eb hyr\u00eb n\u00eb SHBA. Kjo \u00ebsht\u00eb di\u00e7ka e cila m\u00eb s\u00eb shumti \u00ebsht\u00eb nj\u00eb d\u00ebm moral, se sa tjet\u00ebr gj\u00eb. P\u00ebr dik\u00eb me nj\u00eb t\u00eb shkuar politike, si t\u00eb Berish\u00ebs, kjo \u00ebsht\u00eb nj\u00eb njollosje historike, \u201cme letra\u201d. Pasi me \u201cllogje Kavaje\u201d e dinin t\u00eb gjith\u00eb p\u00ebr nivelin e korrupsionit n\u00eb rangjet e larta jo vet\u00ebm t\u00eb PD-s\u00eb, ose m\u00eb sakt\u00eb di\u00e7ka kishin d\u00ebgjuar, pavar\u00ebsisht se pasiviteti i k\u00ebtij populli \u00ebsht\u00eb p\u00ebr rekord \u201cGuinness\u201d.\u00a0\u00a0Dhe p\u00ebrderisa e kan\u00eb marr\u00eb vesh gur\u00ebt dhe drur\u00ebt, nuk ka se si t\u00eb mos sh\u00ebtis\u00eb informacioni deri n\u00eb DASH. Raportet e t\u00eb cilit, edhe vet qeveria e shtetit ton\u00eb, i konsideron si nj\u00ebsi mat\u00ebse t\u00eb ecuris\u00eb s\u00eb proceseve demokratike n\u00eb vend. Kjo sa p\u00ebr t\u00eb ilustruar nivelin e informacionit t\u00eb l\u00ebvrir\u00eb prej dekadash.<\/p>\n<p>Jemi shkrir\u00eb s\u00eb qeshuri n\u00eb mosbesim, teksa kemi d\u00ebgjuar retorika t\u00eb llojit \u201cPeshku i madh\u2026\u201d nga i nderuari Arvizu, por edhe nga aktor\u00eb-jo-faktor\u00eb n\u00eb vend, si Av. Ngjela etj, q\u00eb parashikojn\u00eb n\u00eb formatin nostradamusian skenaret e nj\u00eb skandali denigrues dhe diskreditues t\u00eb figurave me pesh\u00eb historike n\u00eb politik\u00eb. Nuk diskutohet q\u00eb informacion i sakt\u00eb ka sh\u00ebtitur me boll\u00ebk n\u00ebn rrogoz.<\/p>\n<p>Supozohet q\u00eb ky t\u00eb jet\u00eb vet\u00ebm fillimi i nj\u00eb procesi. Ose t\u00eb pakt\u00ebn k\u00ebshtu urohet. Sepse disniveli shoq\u00ebror, n\u00eb vendin ton\u00eb, \u00ebsht\u00eb i friksh\u00ebm. Po ashtu supozohet se do ket\u00eb edhe hapa t\u00eb m\u00ebtejsh\u00ebm, nga drejt\u00ebsia shqiptare, n\u00eb k\u00ebt\u00eb valle t\u00eb hequr nga amerikan\u00ebt. Ndaj si\u00e7 thot\u00eb edhe ajo shprehja lapidare e kreut t\u00eb shtetit ton\u00eb: \u201cS\u2019keni par\u00eb gj\u00eb akoma\u201d.<\/p>\n<p><strong>Pse pik\u00ebrisht Berisha pse pik\u00ebrisht tani? \u00c7far\u00eb po i \u201cshp\u00ebton\u201d ende t\u00eb tjer\u00ebt?<\/strong><\/p>\n<p>Sipas q\u00ebndrimit zyrtar t\u00eb Departamentit t\u00eb Shtetit m\u00ebsojm\u00eb se, Sekretari i Shtetit ka n\u00eb dispozicion \u201cinformacion t\u00eb besuesh\u00ebm lidhur me p\u00ebrfshirjen e Berish\u00ebs n\u00eb korrupsion t\u00eb ndjesh\u00ebm dhe p\u00ebrpjekje p\u00ebr t\u00eb nd\u00ebrhyr\u00eb n\u00eb proceset publike si dhe shp\u00ebrdorim t\u00eb fondeve publike n\u00eb Shqip\u00ebri\u201d.<\/p>\n<p>Pse? Sepse Berisha, n\u00eb retorik\u00ebn e shum\u00eb PD-ist\u00ebve dhe ish t\u00eb till\u00ebve, \u00ebsht\u00eb personi i cili ka veton, n\u00eb Partin\u00eb Demokratike t\u00eb Shqip\u00ebris\u00eb. Pra th\u00ebne ndryshe, tashm\u00eb prej koh\u00ebsh ajo \u00ebsht\u00eb Partia Demokratike e Berish\u00ebs. Ndaj, k\u00ebsisoj vendi nuk ka nj\u00eb opozit\u00eb konsistente, pasi brenda opozit\u00ebs \u201c\u2026Demokratike\u201d nuk ka Demokraci. \u00c7far\u00eb i shp\u00ebton ende t\u00eb tjer\u00ebt nga diskreditimi dhe p\u00ebrballja me drejt\u00ebsin\u00eb? Supozohet se asgj\u00eb tjet\u00ebr ve\u00e7 ofiqeve t\u00eb tyre. Pozitave t\u00eb tyre n\u00eb rangjet e shtetit dhe asgj\u00eb m\u00eb shum\u00eb. Pra, n\u00ebse DASH, do t\u00eb njolloste k\u00ebsisoj edhe nj\u00eb President edhe nj\u00eb Kryeminist\u00ebr, edhe Ministra t\u00eb ndrysh\u00ebm edhe Kryetarin e Parlamentit edhe Kryetarin e Bashkis\u00eb, at\u00ebher\u00eb sigurisht q\u00eb sovraniteti do t\u00eb pik\u00ebpyetej pa mas\u00eb dhe marr\u00ebdh\u00ebniet mes dy vendeve do shkundeshin ca. Jo p\u00ebr d\u00ebshir\u00eb t\u00eb popullit, por p\u00ebr kapri\u00e7o t\u00eb politikan\u00ebve keqb\u00ebr\u00ebs, q\u00eb nuk u skuqet fare faqa, q\u00eb t\u2019u p\u00ebrvishen ambasador\u00ebve\u2026 p\u00ebr shembull\u2026<\/p>\n<p><strong>Reflektimi i gjith\u00eb k\u00ebsaj\u2026 n\u00eb mend\u00ebsin\u00eb popullore<\/strong><\/p>\n<p>E kuptoj dhe e jetoj p\u00ebrdit\u00eb k\u00ebt\u00eb frustrim lidhur me situaten e nder\u00eb politike dhe t\u00eb drejt\u00ebsis\u00eb s\u00eb kapur n\u00eb vend. Delegimi i p\u00ebrgjegj\u00ebsis\u00eb tek nj\u00eb \u201cpopull dele\u201d tregon karakterin shkar\u00ebs t\u00eb gjith\u00ebsecilit q\u00eb mendon k\u00ebshtu. Kur mungesa e alternativave \u00ebsh\u00eb ul\u00ebrit\u00ebse, varf\u00ebria ul\u00ebrit\u00ebse, kur kriminaliteti ka marr\u00eb revanin, kundrejt gjith\u00e7kaje t\u00eb zhvatshme, \u00e7far\u00eb mund t\u00eb pritet?! K\u00ebtu n\u00eb Shqip\u00ebri dhe faktor\u00eb dhe aktor\u00eb me pushtet t\u00eb jashtezakonsh\u00ebm politik dhe me mb\u00ebshtetje serioze nd\u00ebrkomb\u00ebtare, e q\u00eb jan\u00eb t\u00eb prekur n\u00eb vet\u00ebn e par\u00eb nga diktatura e re, nuk mund t\u00eb b\u00ebjn\u00eb asgj\u00eb, p\u00ebrve\u00e7 nj\u00eb kall\u00ebzimi penal. Vet\u00eb presidenti i vendit \u00ebsht\u00eb i prekur, kreu zyrtar i opozit\u00ebs \u00ebsht\u00eb i prekur, p\u00ebrfaqesuesit e mij\u00ebra bizneseve milion\u00ebshe, jan\u00eb t\u00eb prekur, por e shohin t\u00eb pamundur ndryshimin. At\u00ebher\u00eb lind nevoja e nj\u00eb nd\u00ebrhyrhje serioze nga miq q\u00eb, edhe pse e sh\u00ebmtuar, ta thon\u00eb t\u00eb v\u00ebrtet\u00ebn n\u00eb sy. E kam artikuluar edhe m\u00eb her\u00ebt \u201cndryshimi ose vjen nga nj\u00eb shumic\u00eb bind\u00ebse e popullit, ose nuk vjen kurr\u00eb. Nj\u00eb njeri ose nj\u00eb grup njer\u00ebzish kan\u00eb nevoj\u00eb p\u00ebr nj\u00eb mb\u00ebshtetje masive, q\u00eb t\u00eb mund t\u00eb realizojn\u00eb nj\u00eb kthes\u00eb t\u00eb v\u00ebrtet\u00eb dhe t\u00eb q\u00ebndrueshme\u201d.<\/p>\n<p>NE, (Shqiptar\u00ebt) s\u2019duhet kurr\u00eb t\u00eb anashkalojm\u00eb vler\u00ebn e fjal\u00ebs. \u201cNon-grata\u201d \u00ebsht\u00eb vet\u00ebm nj\u00eb fjal\u00eb dhe n\u00eb kontekstin e duhur ajo mund t\u2019i paraprij\u00eb nj\u00eb orteku aktesh dhe veprash konkrete, q\u00eb do mund t\u00eb tjet\u00ebrsojn\u00eb realitetin, n\u00eb nj\u00eb mas\u00eb t\u00eb paparashikueshme.<\/p>\n<p>Fjala mes dy njer\u00ebzve s\u2019\u00ebsht\u00eb vet\u00ebm mesazh, \u00ebsht\u00eb kontrate me dhe p\u00ebr nd\u00ebrveprim. Ndaj kur d\u00ebgjoj t\u00eb rinj e t\u00eb reja, por jo vet\u00ebm, q\u00eb shprehen se vet\u00ebm fal k\u00ebsaj politike pla\u00e7kit\u00ebse, po b\u00ebjn\u00eb gati valixhet p\u00ebr m\u00ebrgim, patjet\u00ebr m\u00eb vjen shum\u00eb hidhur. Sepse Shqip\u00ebris\u00eb po i vihet vula e nj\u00eb vendi t\u00eb pajetuesh\u00ebm nga shqip\u00ebtar\u00ebt e ndersh\u00ebm dhe pun\u00ebtor\u00eb. Pand\u00ebshkueshm\u00ebria e atyre q\u00eb e soll\u00ebn k\u00ebt\u00eb rezultat duhet t\u00eb marr\u00eb fund, n\u00ebse v\u00ebrtet duam t\u2019i japim shpres\u00eb p\u00ebr t\u00eb ardhmend k\u00ebtij vendi.<\/p>\n<p>N\u00ebse duam t\u00eb luftojm\u00eb monizmin, n\u00eb kuptimin e v\u00ebrtet\u00eb t\u00eb fjal\u00ebs, me pluraliz\u00ebm dhe demokraci, duhet pasur parasysh se instrumentet m\u00eb t\u00eb q\u00ebn\u00ebsishme t\u00eb demokracis\u00eb jan\u00eb vullneti i shumic\u00ebs dhe veprimi i ligjit. M\u00ebnyrat e tjera \u00e7ojn\u00eb po n\u00eb centralizim t\u00eb pushtetit dhe k\u00ebt\u00eb e ka treguar dhe e tregon n\u00eb vijim historia.<\/p>\n","protected":false},"excerpt":{"rendered":"<p>Nga Elis Buba Data 19 Maj do hyj\u00eb n\u00eb histori si nj\u00eb dat\u00eb, n\u00eb t\u00eb cil\u00ebn nj\u00eb prej figurave m\u00eb emblematike t\u00eb demokracis\u00eb shkatarraqe t\u00eb Shqip\u00ebris\u00eb, rezultoi nj\u00eb nd\u00ebr shkel\u00ebsit m\u00eb flagrant t\u00eb saj. Pik\u00ebrisht k\u00ebshtu. Nj\u00eb personalitet si Sali Berisha, ai q\u00eb shum\u00eb njer\u00ebz e nj\u00ebsojn\u00eb me vet\u00eb Partin\u00eb Demokratike, u shpall i pad\u00ebshiruar [&hellip;]<\/p>\n","protected":false},"author":2030,"featured_media":183750,"comment_status":"closed","ping_status":"closed","sticky":false,"template":"","format":"standard","meta":{"footnotes":""},"categories":[241,364,1454],"tags":[],"class_list":{"0":"post-183749","1":"post","2":"type-post","3":"status-publish","4":"format-standard","5":"has-post-thumbnail","7":"category-aktualitet","8":"category-koment-opinion","9":"category-politike"},"_links":{"self":[{"href":"https:\/\/zjarr.tv\/sq\/wp-json\/wp\/v2\/posts\/183749","targetHints":{"allow":["GET"]}}],"collection":[{"href":"https:\/\/zjarr.tv\/sq\/wp-json\/wp\/v2\/posts"}],"about":[{"href":"https:\/\/zjarr.tv\/sq\/wp-json\/wp\/v2\/types\/post"}],"author":[{"embeddable":true,"href":"https:\/\/zjarr.tv\/sq\/wp-json\/wp\/v2\/users\/2030"}],"replies":[{"embeddable":true,"href":"https:\/\/zjarr.tv\/sq\/wp-json\/wp\/v2\/comments?post=183749"}],"version-history":[{"count":0,"href":"https:\/\/zjarr.tv\/sq\/wp-json\/wp\/v2\/posts\/183749\/revisions"}],"wp:featuredmedia":[{"embeddable":true,"href":"https:\/\/zjarr.tv\/sq\/wp-json\/wp\/v2\/media\/183750"}],"wp:attachment":[{"href":"https:\/\/zjarr.tv\/sq\/wp-json\/wp\/v2\/media?parent=183749"}],"wp:term":[{"taxonomy":"category","embeddable":true,"href":"https:\/\/zjarr.tv\/sq\/wp-json\/wp\/v2\/categories?post=183749"},{"taxonomy":"post_tag","embeddable":true,"href":"https:\/\/zjarr.tv\/sq\/wp-json\/wp\/v2\/tags?post=183749"}],"curies":[{"name":"wp","href":"https:\/\/api.w.org\/{rel}","templated":true}]}}