{"id":183902,"date":"2021-05-22T11:57:26","date_gmt":"2021-05-22T09:57:26","guid":{"rendered":"https:\/\/zjarr.tv\/?p=183902"},"modified":"2021-05-22T11:58:38","modified_gmt":"2021-05-22T09:58:38","slug":"berisha-u-shpall-non-grata-soni-malaj-tregon-se-si-eshte-ndjere","status":"publish","type":"post","link":"https:\/\/zjarr.tv\/sq\/berisha-u-shpall-non-grata-soni-malaj-tregon-se-si-eshte-ndjere\/","title":{"rendered":"Berisha u shpall &#8220;non grata&#8221;\/ Soni Malaj tregon se si \u00ebsht\u00eb ndjer\u00eb\u2026"},"content":{"rendered":"<p>Shpallja e ish-kryeministrit, Sali Berisha \u201cnon grata\u201d nga SHBA, \u00ebsht\u00eb tem\u00eb e dit\u00ebve te fundit. N\u00eb lidhje me k\u00ebt\u00eb tem\u00eb, nuk ka mbetur pa u pyetur as k\u00ebng\u00ebtarja, Soni Malaj, e cila prej vitesh ruan nj\u00eb raport t\u00eb mir\u00eb me Berish\u00ebn.<\/p>\n<p>Ajo ka qen\u00eb p\u00ebrkrah\u00ebse e tij n\u00eb shum\u00eb prej fushatave t\u00eb zhvilluara nga Partia Demokratike, si dhe p\u00ebrve\u00e7 pun\u00ebs ata i bashkon dhe prejardhja e tyre e p\u00ebrbashk\u00ebt, Tropoja.<\/p>\n<p>N\u00eb lidhje me gjith\u00eb k\u00ebt\u00eb ngjarje, Soni tha se i erdhi keq kur mori nj\u00eb lajm t\u00eb till\u00eb, p\u00ebr familjen Berisha.<\/p>\n<p>\u201cUn\u00eb p\u00ebr vite m\u00eb rradh\u00eb kam qen\u00eb pjes\u00eb e fushat\u00ebs elektorale t\u00eb Partis\u00eb Demokratike. Ne artist\u00ebt p\u00ebrgjith\u00ebsisht mb\u00ebshtesin individ\u00ebt n\u00eb politik\u00eb nuk mb\u00ebshtesin partin\u00eb. Patjet\u00ebr q\u00eb m\u00eb erdhi keq, un\u00eb i uroj sh\u00ebndet zotit Berisha se nuk \u00ebsht\u00eb situat\u00eb e leht\u00eb. Kujdo q\u00eb t\u2019i ndodhte do t\u2019m\u00eb vinte keq edhe me tep\u00ebr q\u00eb zoti Berisha \u00ebsht\u00eb patrioti im\u201d, tha Soni mbr\u00ebmjen e djeshme n\u00eb \u201cZon\u00eb e Lir\u00eb\u201d.<\/p>\n<p>&nbsp;<\/p>\n","protected":false},"excerpt":{"rendered":"<p>Shpallja e ish-kryeministrit, Sali Berisha \u201cnon grata\u201d nga SHBA, \u00ebsht\u00eb tem\u00eb e dit\u00ebve te fundit. N\u00eb lidhje me k\u00ebt\u00eb tem\u00eb, nuk ka mbetur pa u pyetur as k\u00ebng\u00ebtarja, Soni Malaj, e cila prej vitesh ruan nj\u00eb raport t\u00eb mir\u00eb me Berish\u00ebn. Ajo ka qen\u00eb p\u00ebrkrah\u00ebse e tij n\u00eb shum\u00eb prej fushatave t\u00eb zhvilluara nga Partia [&hellip;]<\/p>\n","protected":false},"author":2016,"featured_media":183904,"comment_status":"closed","ping_status":"closed","sticky":false,"template":"","format":"standard","meta":{"footnotes":""},"categories":[241,193],"tags":[3230],"class_list":{"0":"post-183902","1":"post","2":"type-post","3":"status-publish","4":"format-standard","5":"has-post-thumbnail","7":"category-aktualitet","8":"category-showbiz","9":"tag-lajme-zjarr-soni-tregon-si-u-ndje-per-berishen-zjarr-tv"},"_links":{"self":[{"href":"https:\/\/zjarr.tv\/sq\/wp-json\/wp\/v2\/posts\/183902","targetHints":{"allow":["GET"]}}],"collection":[{"href":"https:\/\/zjarr.tv\/sq\/wp-json\/wp\/v2\/posts"}],"about":[{"href":"https:\/\/zjarr.tv\/sq\/wp-json\/wp\/v2\/types\/post"}],"author":[{"embeddable":true,"href":"https:\/\/zjarr.tv\/sq\/wp-json\/wp\/v2\/users\/2016"}],"replies":[{"embeddable":true,"href":"https:\/\/zjarr.tv\/sq\/wp-json\/wp\/v2\/comments?post=183902"}],"version-history":[{"count":0,"href":"https:\/\/zjarr.tv\/sq\/wp-json\/wp\/v2\/posts\/183902\/revisions"}],"wp:featuredmedia":[{"embeddable":true,"href":"https:\/\/zjarr.tv\/sq\/wp-json\/wp\/v2\/media\/183904"}],"wp:attachment":[{"href":"https:\/\/zjarr.tv\/sq\/wp-json\/wp\/v2\/media?parent=183902"}],"wp:term":[{"taxonomy":"category","embeddable":true,"href":"https:\/\/zjarr.tv\/sq\/wp-json\/wp\/v2\/categories?post=183902"},{"taxonomy":"post_tag","embeddable":true,"href":"https:\/\/zjarr.tv\/sq\/wp-json\/wp\/v2\/tags?post=183902"}],"curies":[{"name":"wp","href":"https:\/\/api.w.org\/{rel}","templated":true}]}}