{"id":183940,"date":"2021-05-22T16:05:06","date_gmt":"2021-05-22T14:05:06","guid":{"rendered":"https:\/\/zjarr.tv\/?p=183940"},"modified":"2021-05-22T16:05:06","modified_gmt":"2021-05-22T14:05:06","slug":"nuk-kam-koment-per-kryetarin-aktual-kandidati-i-pd-agron-shehaj-mund-ta-shnderroje-partine-ne-alternative-te-besueshme","status":"publish","type":"post","link":"https:\/\/zjarr.tv\/sq\/nuk-kam-koment-per-kryetarin-aktual-kandidati-i-pd-agron-shehaj-mund-ta-shnderroje-partine-ne-alternative-te-besueshme\/","title":{"rendered":"\u201cNuk kam koment p\u00ebr kryetarin aktual\u201d, kandidati i PD: Agron Shehaj mund ta shnd\u00ebrroj\u00eb partin\u00eb n\u00eb alternativ\u00eb t\u00eb besueshme"},"content":{"rendered":"<p style=\"background: white; margin: 0in 0in 19.5pt 0in;\">Kandidimi i Agron Shehajt p\u00ebr kryetar partie n\u00eb PD ishte sot nj\u00eb lajm surpriz\u00eb p\u00ebr t\u00eb gjith\u00eb.<\/p>\n<p style=\"background: white; -webkit-tap-highlight-color: transparent !important; box-sizing: border-box; overflow-wrap: break-word; font-variant-ligatures: normal; font-variant-caps: normal; orphans: 2; widows: 2; -webkit-text-stroke-width: 0px; text-decoration-thickness: initial; text-decoration-style: initial; text-decoration-color: initial; word-spacing: 0px; margin: 0in 0in 19.5pt 0in;\">T\u00eb shumt\u00eb jan\u00eb ata q\u00eb e kan\u00eb mir\u00ebpritur k\u00ebt\u00eb hap t\u00eb tijin, nd\u00ebr t\u00eb cil\u00ebt dhe kandidati p\u00ebr deputet i PD n\u00eb Berat, Namir Lapardhaja. Ai shprehet i bindur se ky kandidimi i Shehajt \u00ebsht\u00eb nj\u00eb shpres\u00eb dhe lajm i mir\u00eb p\u00ebr ringritjen e PD-s\u00eb.<\/p>\n<p style=\"background: white; -webkit-tap-highlight-color: transparent !important; box-sizing: border-box; overflow-wrap: break-word; font-variant-ligatures: normal; font-variant-caps: normal; orphans: 2; widows: 2; -webkit-text-stroke-width: 0px; text-decoration-thickness: initial; text-decoration-style: initial; text-decoration-color: initial; word-spacing: 0px; margin: 0in 0in 19.5pt 0in;\">Duke gjykuar se biznesmeni i njohur ka qen\u00eb nj\u00eb model suksesi, Lapardhaja shprehet n\u00eb rrjete sociale i bindur se ai mund ta shnd\u00ebrroj\u00eb Partin\u00eb Demokratike n\u00eb nj\u00eb alternativ\u00eb t\u00eb besueshme.<\/p>\n<p style=\"background: white; -webkit-tap-highlight-color: transparent !important; box-sizing: border-box; overflow-wrap: break-word; font-variant-ligatures: normal; font-variant-caps: normal; orphans: 2; widows: 2; -webkit-text-stroke-width: 0px; text-decoration-thickness: initial; text-decoration-style: initial; text-decoration-color: initial; word-spacing: 0px; margin: 0in 0in 19.5pt 0in;\"><strong style=\"-webkit-tap-highlight-color: transparent !important; box-sizing: border-box;\">Sh\u00ebnimi i plot\u00eb i Namir Lapardhas\u00eb<\/strong><\/p>\n<p style=\"background: white; -webkit-tap-highlight-color: transparent !important; box-sizing: border-box; overflow-wrap: break-word; font-variant-ligatures: normal; font-variant-caps: normal; orphans: 2; widows: 2; -webkit-text-stroke-width: 0px; text-decoration-thickness: initial; text-decoration-style: initial; text-decoration-color: initial; word-spacing: 0px; margin: 0in 0in 19.5pt 0in;\">Agron Shehaj \u00ebsht\u00eb nj\u00eb shpres\u00eb dhe lajm i mir\u00eb p\u00ebr ringritjen e PD-s\u00eb<\/p>\n<p style=\"background: white; -webkit-tap-highlight-color: transparent !important; box-sizing: border-box; overflow-wrap: break-word; font-variant-ligatures: normal; font-variant-caps: normal; orphans: 2; widows: 2; -webkit-text-stroke-width: 0px; text-decoration-thickness: initial; text-decoration-style: initial; text-decoration-color: initial; word-spacing: 0px; margin: 0in 0in 19.5pt 0in;\">N\u00eb media lexova se Agron Shehaj ka shpallur kandidatur\u00ebn p\u00ebr kryetar PD-je. \u00cbsht\u00eb nj\u00eb lajm i mir\u00eb dhe zhvillim pozitiv p\u00ebr ringritjen e saj. Shpresoj t\u00eb jet\u00eb nj\u00eb ogur shprese p\u00ebr demokrat\u00ebt dhe qytetar\u00ebt e k\u00ebtij vendi.<\/p>\n<p style=\"background: white; -webkit-tap-highlight-color: transparent !important; box-sizing: border-box; overflow-wrap: break-word; font-variant-ligatures: normal; font-variant-caps: normal; orphans: 2; widows: 2; -webkit-text-stroke-width: 0px; text-decoration-thickness: initial; text-decoration-style: initial; text-decoration-color: initial; word-spacing: 0px; margin: 0in 0in 19.5pt 0in;\">Duke e ditur se si funksionojn\u00eb partit\u00eb tona, e kuptoj se gara do t\u00eb jet\u00eb e v\u00ebshtir\u00eb. E kuptoj q\u00eb edhe n\u00ebse ai do t\u2019i ket\u00eb t\u00eb zgjidhura pun\u00ebt e tij, p\u00ebr mb\u00ebshtet\u00ebsit q\u00eb duan t\u00eb b\u00ebjn\u00eb karrier\u00eb, mund t\u00eb jet\u00eb problematike. Por kjo \u00ebsht\u00eb nj\u00eb kosto e njer\u00ebzve q\u00eb guxojn\u00eb. Ata q\u00eb jetojn\u00eb me frik\u00eb, nuk e meritojn\u00eb lirin\u00eb. Kjo vlen edhe p\u00ebr ata q\u00eb duhet t\u2019i bashkohen k\u00ebsaj sfide.<\/p>\n<p style=\"background: white; -webkit-tap-highlight-color: transparent !important; box-sizing: border-box; overflow-wrap: break-word; font-variant-ligatures: normal; font-variant-caps: normal; orphans: 2; widows: 2; -webkit-text-stroke-width: 0px; text-decoration-thickness: initial; text-decoration-style: initial; text-decoration-color: initial; word-spacing: 0px; margin: 0in 0in 19.5pt 0in;\">N\u00eb k\u00ebt\u00eb gar\u00eb un\u00eb do t\u00eb jem p\u00ebrkrah\u00ebs i Agron Shehajt.<\/p>\n<p style=\"background: white; -webkit-tap-highlight-color: transparent !important; box-sizing: border-box; overflow-wrap: break-word; font-variant-ligatures: normal; font-variant-caps: normal; orphans: 2; widows: 2; -webkit-text-stroke-width: 0px; text-decoration-thickness: initial; text-decoration-style: initial; text-decoration-color: initial; word-spacing: 0px; margin: 0in 0in 19.5pt 0in;\">Sot nuk kam komente p\u00ebr kryetarin n\u00eb detyr\u00eb apo p\u00ebr kandidaturat e tjera. Ashtu sikurse kam qen\u00eb e jam kund\u00ebr mentalitetit stalinist t\u00eb shpalljes dhe gjetjes s\u00eb armiqve n\u00eb radh\u00ebt e njer\u00ebzve. Fatkeq\u00ebsisht, partit\u00eb tona kan\u00eb nj\u00eb tradit\u00eb negative n\u00eb k\u00ebt\u00eb drejtim.<\/p>\n<p style=\"background: white; -webkit-tap-highlight-color: transparent !important; box-sizing: border-box; overflow-wrap: break-word; font-variant-ligatures: normal; font-variant-caps: normal; orphans: 2; widows: 2; -webkit-text-stroke-width: 0px; text-decoration-thickness: initial; text-decoration-style: initial; text-decoration-color: initial; word-spacing: 0px; margin: 0in 0in 19.5pt 0in;\">Partia Demokratike vijon t\u00eb jet\u00eb n\u00eb opozit\u00eb. Pushteti, edhe pse korruptiv, \u00ebsht\u00eb forcuar m\u00eb shum\u00eb. Njer\u00ebzit kan\u00eb humbur shpres\u00ebn.<\/p>\n<p style=\"background: white; -webkit-tap-highlight-color: transparent !important; box-sizing: border-box; overflow-wrap: break-word; font-variant-ligatures: normal; font-variant-caps: normal; orphans: 2; widows: 2; -webkit-text-stroke-width: 0px; text-decoration-thickness: initial; text-decoration-style: initial; text-decoration-color: initial; word-spacing: 0px; margin: 0in 0in 19.5pt 0in;\">Vet\u00ebm nj\u00eb sinergji e madhe fryme popullore mund ta kthej\u00eb alternativ\u00ebn e djatht\u00eb n\u00eb forc\u00eb fituese.<\/p>\n<p style=\"background: white; -webkit-tap-highlight-color: transparent !important; box-sizing: border-box; overflow-wrap: break-word; font-variant-ligatures: normal; font-variant-caps: normal; orphans: 2; widows: 2; -webkit-text-stroke-width: 0px; text-decoration-thickness: initial; text-decoration-style: initial; text-decoration-color: initial; word-spacing: 0px; margin: 0in 0in 19.5pt 0in;\">Besoj se Agron Shehaj \u00ebsht\u00eb nj\u00eb njeri normal, pa ngarkesa nga e kaluara, pa drit\u00eb-hije nga e tashmja dhe nj\u00eb der\u00eb e hapur p\u00ebr t\u2019u provuar n\u00eb t\u00eb ardhmen. Duke qen\u00eb nj\u00eb model suksesi, ai mund ta shnd\u00ebrroj\u00eb Partin\u00eb Demokratike n\u00eb nj\u00eb alternativ\u00eb t\u00eb besueshme.<\/p>\n<p style=\"background: white; -webkit-tap-highlight-color: transparent !important; box-sizing: border-box; overflow-wrap: break-word; font-variant-ligatures: normal; font-variant-caps: normal; orphans: 2; widows: 2; -webkit-text-stroke-width: 0px; text-decoration-thickness: initial; text-decoration-style: initial; text-decoration-color: initial; word-spacing: 0px; margin: 0in 0in 19.5pt 0in;\">Njer\u00ebzit nuk kan\u00eb nevoj\u00eb p\u00ebr heronj, por p\u00ebr njer\u00ebz t\u00eb zakonsh\u00ebm q\u00eb ofrojn\u00eb besueshm\u00ebri.\u00a0 Nuk na duhen lider\u00eb t\u00eb fort\u00eb, por institucione t\u00eb tilla. E keqja nuk na vjen nga gara dhe ndryshimi, por nga vazhdim\u00ebsia e q\u00ebndrimit n\u00eb vend, sipas modelit \u201ctok\u00eb e xanun\u201d, pas meje qameti.<\/p>\n<p style=\"background: white; -webkit-tap-highlight-color: transparent !important; box-sizing: border-box; overflow-wrap: break-word; font-variant-ligatures: normal; font-variant-caps: normal; orphans: 2; widows: 2; -webkit-text-stroke-width: 0px; text-decoration-thickness: initial; text-decoration-style: initial; text-decoration-color: initial; word-spacing: 0px; margin: 0in 0in 19.5pt 0in;\">Sigurisht me besimin tek vlerat e p\u00ebrbashk\u00ebta dhe me urimin q\u00eb zhg\u00ebnjimi n\u00ebse ndodh\u00eb, t\u00eb jet\u00eb sa m\u00eb i vog\u00ebl.<\/p>\n","protected":false},"excerpt":{"rendered":"<p>Kandidimi i Agron Shehajt p\u00ebr kryetar partie n\u00eb PD ishte sot nj\u00eb lajm surpriz\u00eb p\u00ebr t\u00eb gjith\u00eb. T\u00eb shumt\u00eb jan\u00eb ata q\u00eb e kan\u00eb mir\u00ebpritur k\u00ebt\u00eb hap t\u00eb tijin, nd\u00ebr t\u00eb cil\u00ebt dhe kandidati p\u00ebr deputet i PD n\u00eb Berat, Namir Lapardhaja. Ai shprehet i bindur se ky kandidimi i Shehajt \u00ebsht\u00eb nj\u00eb shpres\u00eb dhe [&hellip;]<\/p>\n","protected":false},"author":2030,"featured_media":183941,"comment_status":"closed","ping_status":"closed","sticky":false,"template":"","format":"standard","meta":{"footnotes":""},"categories":[241,364,1454],"tags":[],"class_list":{"0":"post-183940","1":"post","2":"type-post","3":"status-publish","4":"format-standard","5":"has-post-thumbnail","7":"category-aktualitet","8":"category-koment-opinion","9":"category-politike"},"_links":{"self":[{"href":"https:\/\/zjarr.tv\/sq\/wp-json\/wp\/v2\/posts\/183940","targetHints":{"allow":["GET"]}}],"collection":[{"href":"https:\/\/zjarr.tv\/sq\/wp-json\/wp\/v2\/posts"}],"about":[{"href":"https:\/\/zjarr.tv\/sq\/wp-json\/wp\/v2\/types\/post"}],"author":[{"embeddable":true,"href":"https:\/\/zjarr.tv\/sq\/wp-json\/wp\/v2\/users\/2030"}],"replies":[{"embeddable":true,"href":"https:\/\/zjarr.tv\/sq\/wp-json\/wp\/v2\/comments?post=183940"}],"version-history":[{"count":0,"href":"https:\/\/zjarr.tv\/sq\/wp-json\/wp\/v2\/posts\/183940\/revisions"}],"wp:featuredmedia":[{"embeddable":true,"href":"https:\/\/zjarr.tv\/sq\/wp-json\/wp\/v2\/media\/183941"}],"wp:attachment":[{"href":"https:\/\/zjarr.tv\/sq\/wp-json\/wp\/v2\/media?parent=183940"}],"wp:term":[{"taxonomy":"category","embeddable":true,"href":"https:\/\/zjarr.tv\/sq\/wp-json\/wp\/v2\/categories?post=183940"},{"taxonomy":"post_tag","embeddable":true,"href":"https:\/\/zjarr.tv\/sq\/wp-json\/wp\/v2\/tags?post=183940"}],"curies":[{"name":"wp","href":"https:\/\/api.w.org\/{rel}","templated":true}]}}