{"id":183956,"date":"2021-05-22T16:15:01","date_gmt":"2021-05-22T14:15:01","guid":{"rendered":"https:\/\/zjarr.tv\/?p=183956"},"modified":"2021-05-22T16:15:01","modified_gmt":"2021-05-22T14:15:01","slug":"nje-dite-pas-ekzekutimit-te-delon-troqes-yuri-kim-shijon-bregdetin-e-qytetit-te-vlores","status":"publish","type":"post","link":"https:\/\/zjarr.tv\/sq\/nje-dite-pas-ekzekutimit-te-delon-troqes-yuri-kim-shijon-bregdetin-e-qytetit-te-vlores\/","title":{"rendered":"Nj\u00eb dit\u00eb pas ekzekutimit t\u00eb Delon Troqes, Yuri Kim shijon bregdetin e qytetit t\u00eb Vlor\u00ebs"},"content":{"rendered":"<p>Ambasadorja e Shteteve t\u00eb Bashkuara t\u00eb Amerik\u00ebs Yuri Kim ka shkuar sot n\u00eb qytetin bregdetar t\u00eb Vlor\u00ebs, nj\u00eb dit\u00eb pasi ky vend u trondti nga nj\u00eb atentat mafioz, si pasoj\u00eb e t\u00eb cili mbeti i vrar\u00eb Delon Troqe.<\/p>\n<p>N\u00eb disa postime n\u00eb Instagram, Kim shihet mjaft e qeshur krah grave e burrave t\u00eb Vlor\u00ebs.\u00a0<em>\u00a0\u201cMir\u00ebdita nga Vlora,<\/em>\u201d- shkruan Kim krah fotos, pa dh\u00ebn\u00eb asnj\u00eb shpjegim m\u00eb tej p\u00ebr arsyen e k\u00ebsaj vizite.<\/p>\n<p>Dit\u00ebt e fundit, Ambasadorja e Shteteve t\u00eb Bashkuara t\u00eb Amerik\u00ebs, \u00ebsht\u00eb e angazhuar p\u00ebr st\u00ebrvitjen e \u201cDefender Europe 21\u201d, q\u00eb po zhvillohet n\u00eb Shqip\u00ebri. Nd\u00ebrsa Vlora u trondit nj\u00eb nat\u00eb m\u00eb par\u00eb nga nj\u00eb krim i r\u00ebnd\u00eb. Eldon Troqe, 38 vje\u00e7 u vra me bresh\u00ebri kallashnikovi n\u00eb lagjen \u201cPavar\u00ebsia\u201d.<\/p>\n<p>&nbsp;<\/p>\n","protected":false},"excerpt":{"rendered":"<p>Ambasadorja e Shteteve t\u00eb Bashkuara t\u00eb Amerik\u00ebs Yuri Kim ka shkuar sot n\u00eb qytetin bregdetar t\u00eb Vlor\u00ebs, nj\u00eb dit\u00eb pasi ky vend u trondti nga nj\u00eb atentat mafioz, si pasoj\u00eb e t\u00eb cili mbeti i vrar\u00eb Delon Troqe. N\u00eb disa postime n\u00eb Instagram, Kim shihet mjaft e qeshur krah grave e burrave t\u00eb Vlor\u00ebs.\u00a0\u00a0\u201cMir\u00ebdita nga [&hellip;]<\/p>\n","protected":false},"author":2030,"featured_media":183957,"comment_status":"closed","ping_status":"closed","sticky":false,"template":"","format":"standard","meta":{"footnotes":""},"categories":[241],"tags":[],"class_list":{"0":"post-183956","1":"post","2":"type-post","3":"status-publish","4":"format-standard","5":"has-post-thumbnail","7":"category-aktualitet"},"_links":{"self":[{"href":"https:\/\/zjarr.tv\/sq\/wp-json\/wp\/v2\/posts\/183956","targetHints":{"allow":["GET"]}}],"collection":[{"href":"https:\/\/zjarr.tv\/sq\/wp-json\/wp\/v2\/posts"}],"about":[{"href":"https:\/\/zjarr.tv\/sq\/wp-json\/wp\/v2\/types\/post"}],"author":[{"embeddable":true,"href":"https:\/\/zjarr.tv\/sq\/wp-json\/wp\/v2\/users\/2030"}],"replies":[{"embeddable":true,"href":"https:\/\/zjarr.tv\/sq\/wp-json\/wp\/v2\/comments?post=183956"}],"version-history":[{"count":0,"href":"https:\/\/zjarr.tv\/sq\/wp-json\/wp\/v2\/posts\/183956\/revisions"}],"wp:featuredmedia":[{"embeddable":true,"href":"https:\/\/zjarr.tv\/sq\/wp-json\/wp\/v2\/media\/183957"}],"wp:attachment":[{"href":"https:\/\/zjarr.tv\/sq\/wp-json\/wp\/v2\/media?parent=183956"}],"wp:term":[{"taxonomy":"category","embeddable":true,"href":"https:\/\/zjarr.tv\/sq\/wp-json\/wp\/v2\/categories?post=183956"},{"taxonomy":"post_tag","embeddable":true,"href":"https:\/\/zjarr.tv\/sq\/wp-json\/wp\/v2\/tags?post=183956"}],"curies":[{"name":"wp","href":"https:\/\/api.w.org\/{rel}","templated":true}]}}