{"id":183962,"date":"2021-05-22T16:28:51","date_gmt":"2021-05-22T14:28:51","guid":{"rendered":"https:\/\/zjarr.tv\/?p=183962"},"modified":"2021-05-22T16:31:25","modified_gmt":"2021-05-22T14:31:25","slug":"nje-aksident-ka-ndodhur-mesditen-e-sotme-ne-lagjen-nr-14-ne-qytetin-e-durresit","status":"publish","type":"post","link":"https:\/\/zjarr.tv\/sq\/nje-aksident-ka-ndodhur-mesditen-e-sotme-ne-lagjen-nr-14-ne-qytetin-e-durresit\/","title":{"rendered":"\u201cBenzi\u201d p\u00ebrplas k\u00ebmb\u00ebsoren n\u00eb Durr\u00ebs, policia arreston shoferin"},"content":{"rendered":"<p>Nj\u00eb aksident ka ndodhur mesdit\u00ebn e sotme n\u00eb lagjen nr.14 n\u00eb qytetin e Durr\u00ebsit\u201d.<\/p>\n<p>M\u00ebsohet se nj\u00eb mjet tip \u201cBenz\u201d ka p\u00ebrplasur kalimtaren, shtetasen me iniciale E.M 68 vje\u00e7, gjendja sh\u00ebndet\u00ebsore e s\u00eb cil\u00ebs ende nuk b\u00ebhet me dije.<\/p>\n<p>Nd\u00ebrkoh\u00eb, policia ka arrestuar drejtuesin e mjetit, 34-vje\u00e7arin, i cili shkaktoi aksidentin. Grupi hetimor ndodhet n\u00eb vendngjarje dhe po punon p\u00ebr zbardhjen e shkaqeve t\u00eb aksidentit.<\/p>\n<p>\u201c\u00cbsht\u00eb arrestuar n\u00eb flagranc\u00eb shtetasi Sh.S., 34 vje\u00e7, banues n\u00eb Durr\u00ebs, pasi n\u00eb lagjen Nr.14, duke drejtuar mjetin tip \u201cBenz\u201d, ka aksidentuar shtetasen k\u00ebmb\u00ebsore E.M., 68 vje\u00e7e, banuese n\u00eb Arapaj, e cila ndodhet n\u00eb Spitalin e Traum\u00ebs Tiran\u00eb n\u00ebn kujdesin e mjek\u00ebve\u201d, thuhet n\u00eb njoftimin e policis\u00eb.<\/p>\n","protected":false},"excerpt":{"rendered":"<p>Nj\u00eb aksident ka ndodhur mesdit\u00ebn e sotme n\u00eb lagjen nr.14 n\u00eb qytetin e Durr\u00ebsit\u201d. M\u00ebsohet se nj\u00eb mjet tip \u201cBenz\u201d ka p\u00ebrplasur kalimtaren, shtetasen me iniciale E.M 68 vje\u00e7, gjendja sh\u00ebndet\u00ebsore e s\u00eb cil\u00ebs ende nuk b\u00ebhet me dije. Nd\u00ebrkoh\u00eb, policia ka arrestuar drejtuesin e mjetit, 34-vje\u00e7arin, i cili shkaktoi aksidentin. Grupi hetimor ndodhet n\u00eb [&hellip;]<\/p>\n","protected":false},"author":2031,"featured_media":183964,"comment_status":"closed","ping_status":"closed","sticky":false,"template":"","format":"standard","meta":{"footnotes":""},"categories":[231],"tags":[384,312,329],"class_list":{"0":"post-183962","1":"post","2":"type-post","3":"status-publish","4":"format-standard","5":"has-post-thumbnail","7":"category-lajme","8":"tag-durres","9":"tag-lajme","10":"tag-zjarr-tv"},"_links":{"self":[{"href":"https:\/\/zjarr.tv\/sq\/wp-json\/wp\/v2\/posts\/183962","targetHints":{"allow":["GET"]}}],"collection":[{"href":"https:\/\/zjarr.tv\/sq\/wp-json\/wp\/v2\/posts"}],"about":[{"href":"https:\/\/zjarr.tv\/sq\/wp-json\/wp\/v2\/types\/post"}],"author":[{"embeddable":true,"href":"https:\/\/zjarr.tv\/sq\/wp-json\/wp\/v2\/users\/2031"}],"replies":[{"embeddable":true,"href":"https:\/\/zjarr.tv\/sq\/wp-json\/wp\/v2\/comments?post=183962"}],"version-history":[{"count":0,"href":"https:\/\/zjarr.tv\/sq\/wp-json\/wp\/v2\/posts\/183962\/revisions"}],"wp:featuredmedia":[{"embeddable":true,"href":"https:\/\/zjarr.tv\/sq\/wp-json\/wp\/v2\/media\/183964"}],"wp:attachment":[{"href":"https:\/\/zjarr.tv\/sq\/wp-json\/wp\/v2\/media?parent=183962"}],"wp:term":[{"taxonomy":"category","embeddable":true,"href":"https:\/\/zjarr.tv\/sq\/wp-json\/wp\/v2\/categories?post=183962"},{"taxonomy":"post_tag","embeddable":true,"href":"https:\/\/zjarr.tv\/sq\/wp-json\/wp\/v2\/tags?post=183962"}],"curies":[{"name":"wp","href":"https:\/\/api.w.org\/{rel}","templated":true}]}}