{"id":183974,"date":"2021-05-22T16:36:20","date_gmt":"2021-05-22T14:36:20","guid":{"rendered":"https:\/\/zjarr.tv\/?p=183974"},"modified":"2021-05-22T16:36:20","modified_gmt":"2021-05-22T14:36:20","slug":"kandidatura-surprize-e-agron-shehaj-shkakton-termet-ne-rrjetet-sociale-mbeshtetje-e-madhe-per-nje-nga-kandidatet-me-te-votuar-te-25-prillit","status":"publish","type":"post","link":"https:\/\/zjarr.tv\/sq\/kandidatura-surprize-e-agron-shehaj-shkakton-termet-ne-rrjetet-sociale-mbeshtetje-e-madhe-per-nje-nga-kandidatet-me-te-votuar-te-25-prillit\/","title":{"rendered":"Kandidatura surpriz\u00eb e Agron Shehaj shkakton \u201ct\u00ebrmet\u201d n\u00eb rrjetet sociale, mb\u00ebshtetje e madhe p\u00ebr nj\u00eb nga kandidat\u00ebt m\u00eb t\u00eb votuar t\u00eb 25 prillit"},"content":{"rendered":"<p>Agron Shehaj, kandidati i dyt\u00eb m\u00eb i votuar i Partis\u00eb Demokratike n\u00eb zgjedhjet e 25 prillit, me 13862 vota personale, dit\u00ebn e sotme njoftoi se do t\u00eb kandidonte p\u00ebr kryetar partie n\u00eb zgjedhjet e 13 qershorit.<\/p>\n<p>Kandidatura surpriz\u00eb n\u00eb minutat e fundit ka shkaktuar \u201ct\u00ebrmet\u201d n\u00eb rrjetet sociale, pasi n\u00eb llogarin\u00eb e tij n\u00eb facebook mb\u00ebshtetja ka qen\u00eb shum\u00eb e madhe. Mbi 12 mij\u00eb p\u00eblqime, 3 mij\u00eb komente dhe 500 shp\u00ebrndarje ka marr\u00eb postimi i tij q\u00eb njoftonte kandidimin.<\/p>\n<p>Edhe nga an\u00ebtar\u00ebt e Partis\u00eb Demokratike ka patur shum\u00eb reagime pozitive p\u00ebr Shehajn, q\u00eb mesa duket do t\u00eb jet\u00eb nj\u00eb kandidatur\u00eb e fort\u00eb p\u00ebrball\u00eb kryetarit aktual Lulzim Basha.<\/p>\n<p>Kujtojm\u00eb se Agron Shehaj do t\u00eb ket\u00eb p\u00ebrball\u00eb ve\u00e7 Bash\u00ebs edhe Ibsen Elezin, Edith Harxhin dhe Fatbardh Kadillin.<br \/>\n<img loading=\"lazy\" decoding=\"async\" src=\"https:\/\/zjarr.tv\/wp-content\/uploads\/2021\/05\/Screenshot_1-31-252x300.png\" alt=\"\" width=\"252\" height=\"300\" class=\"alignnone size-medium wp-image-183975\" srcset=\"https:\/\/zjarr.tv\/wp-content\/uploads\/2021\/05\/Screenshot_1-31-252x300.png 252w, https:\/\/zjarr.tv\/wp-content\/uploads\/2021\/05\/Screenshot_1-31-352x420.png 352w, https:\/\/zjarr.tv\/wp-content\/uploads\/2021\/05\/Screenshot_1-31.png 499w\" sizes=\"auto, (max-width: 252px) 100vw, 252px\" \/><\/p>\n","protected":false},"excerpt":{"rendered":"<p>Agron Shehaj, kandidati i dyt\u00eb m\u00eb i votuar i Partis\u00eb Demokratike n\u00eb zgjedhjet e 25 prillit, me 13862 vota personale, dit\u00ebn e sotme njoftoi se do t\u00eb kandidonte p\u00ebr kryetar partie n\u00eb zgjedhjet e 13 qershorit. Kandidatura surpriz\u00eb n\u00eb minutat e fundit ka shkaktuar \u201ct\u00ebrmet\u201d n\u00eb rrjetet sociale, pasi n\u00eb llogarin\u00eb e tij n\u00eb facebook [&hellip;]<\/p>\n","protected":false},"author":2031,"featured_media":0,"comment_status":"closed","ping_status":"closed","sticky":false,"template":"","format":"standard","meta":{"footnotes":""},"categories":[231],"tags":[312,476,329],"class_list":{"0":"post-183974","1":"post","2":"type-post","3":"status-publish","4":"format-standard","6":"category-lajme","7":"tag-lajme","8":"tag-partia-demokratike","9":"tag-zjarr-tv"},"_links":{"self":[{"href":"https:\/\/zjarr.tv\/sq\/wp-json\/wp\/v2\/posts\/183974","targetHints":{"allow":["GET"]}}],"collection":[{"href":"https:\/\/zjarr.tv\/sq\/wp-json\/wp\/v2\/posts"}],"about":[{"href":"https:\/\/zjarr.tv\/sq\/wp-json\/wp\/v2\/types\/post"}],"author":[{"embeddable":true,"href":"https:\/\/zjarr.tv\/sq\/wp-json\/wp\/v2\/users\/2031"}],"replies":[{"embeddable":true,"href":"https:\/\/zjarr.tv\/sq\/wp-json\/wp\/v2\/comments?post=183974"}],"version-history":[{"count":0,"href":"https:\/\/zjarr.tv\/sq\/wp-json\/wp\/v2\/posts\/183974\/revisions"}],"wp:attachment":[{"href":"https:\/\/zjarr.tv\/sq\/wp-json\/wp\/v2\/media?parent=183974"}],"wp:term":[{"taxonomy":"category","embeddable":true,"href":"https:\/\/zjarr.tv\/sq\/wp-json\/wp\/v2\/categories?post=183974"},{"taxonomy":"post_tag","embeddable":true,"href":"https:\/\/zjarr.tv\/sq\/wp-json\/wp\/v2\/tags?post=183974"}],"curies":[{"name":"wp","href":"https:\/\/api.w.org\/{rel}","templated":true}]}}