{"id":183984,"date":"2021-05-22T17:00:02","date_gmt":"2021-05-22T15:00:02","guid":{"rendered":"https:\/\/zjarr.tv\/?p=183984"},"modified":"2021-05-22T17:00:02","modified_gmt":"2021-05-22T15:00:02","slug":"meta-i-doli-ne-krah-berishes-pas-vendimit-te-dash-gazetari-hoxha-sulmon-presidentin-shkelqesi-cdo-fjale-qe-flet-nga-ky-moment","status":"publish","type":"post","link":"https:\/\/zjarr.tv\/sq\/meta-i-doli-ne-krah-berishes-pas-vendimit-te-dash-gazetari-hoxha-sulmon-presidentin-shkelqesi-cdo-fjale-qe-flet-nga-ky-moment\/","title":{"rendered":"Meta i doli n\u00eb krah Berish\u00ebs pas vendimit t\u00eb DASH, gazetari Hoxha sulmon Presidentin: Shk\u00eblqesi, \u00e7do fjale qe flet nga ky moment \u2026"},"content":{"rendered":"<p>Gazetari Artan Hoxha ka sulmuar Presidentin e vendit, Ilir Meta, pasi ky i fundit shprehu solidaritetin e tij me ish-Kryeministrin Sali Berisha dhe familjen e tij pas vendimit t\u00eb DASH p\u00ebr t\u2019i ndaluar hyrjen n\u00eb SHBA.<\/p>\n<p>\u201cKjo \u201cflet\u00ebrrufe\u201d jo rast\u00ebsisht u k\u00ebrkua n\u00eb k\u00ebt\u00eb moment, kur procesi zgjedhor ende nuk \u00ebsht\u00eb mbyllur zyrtarisht dhe kur institucionet, sipas Kodit Zgjedhor, duhet t\u00eb shprehen lidhur me ankesat e shumta p\u00ebr manipulimet dhe krimet zgjedhore t\u00eb denoncuara gjer\u00ebsisht, q\u00eb kan\u00eb cenuar r\u00ebnd\u00eb standardet per\u00ebndimore t\u00eb nj\u00eb procesi elektoral plot\u00ebsisht t\u00eb lir\u00eb, t\u00eb ndersh\u00ebm dhe demokratik,\u201d shkruante Meta n\u00eb reagimin e tij.<\/p>\n<p>Hoxha ngre dyshime t\u00eb forta q\u00eb nj\u00eb \u201cflet\u00ebrrufe\u201d e ngjashme i ka shkuar n\u00eb der\u00eb edhe Presidentit Meta, prandaj dhe e paralajm\u00ebron q\u00eb t\u00eb b\u00ebj\u00eb kujdes pasi ccdo fjal\u00eb q\u00eb mund t\u00eb thot\u00eb mund t\u00eb p\u00ebrdoret kund\u00ebr tij n\u00eb gjyq.<\/p>\n<p>Postimi i plot\u00eb i Hoxh\u00ebs:<\/p>\n<p>Shkelqesi, \u00e7do fjale qe flet nga ky moment, do te perdoret kunder teje ne pro\u00e7es\u2026<br \/>\nMe ne fund, Shkelqesia e tij u be i gjalle dhe foli\u2026<br \/>\nFoli hapur, por foli keq\u2026<\/p>\n<p>Foli ashtu si di ai, per \u201cfleterrufe\u201d amerikane, per \u201cakt te shemtuar, te pabese dhe te poshter\u201d, nga Shtetet e Bashkuara te Amerikes, kunder Berishes, familjes se tij dhe aleateve te tij\u2026<br \/>\nShkelqesi, nese nje kopje e \u201cfleterrufese\u201d amerikane te ka ardhur per momentin poshte deres, ben mire qe flet.<\/p>\n<p>Por bej kujdes, ti e di keshillen qe sherifi amerikane te thote, ndersa te hedh hekurat:<br \/>\n\u201c\u00c7do fjale qe do te thuash nga ky moment, do te perdoret kunder teje ne pro\u00e7esin gjyqesor\u201d\u2026<br \/>\nDeri diten kur SHERIFF-i te vendos per ta ngjitur \u201cfleterrufene\u201d ne shtylle, ke kohe te porositesh nje pale \u201cbreke\u201d \u00e7eliku, se ato prej hekuri nuk te bejne pune\u2026<br \/>\nMarinsat Amerikane do te bejne nje demostrim force ne Bulevardin \u201cDeshmoret e Kombit\u201d, fiks para zyres tende\u2026<\/p>\n<p>Nese do t\u2019i pershendesesh me dore nga dritarja, apo do te dalesh t\u2019i nderosh ushtarakisht te vendroja e ushtarit te gardes, kjo eshte pune per ty\u2026<br \/>\nPer kuriozitet, Marinsat kane sjelle me vete nje paisje te fuqishme per te kerkuar metalet e renda si floriri.<\/p>\n<p>Kam marre vesh se kur te largohem, nuk do ta marrin me vete, por do tia lene si dhurate Byrose Kombetare te Hetimit(BKH)\u2026<\/p>\n<p>Prandaj si banore i kompleksit luksoz ne Gjirin e Lalzit, ben mire ti informosh edhe komshinjte, qe te hedhin ne det gjith\u00e7ka qe kane groposur poshte rrenjeve te atij ullirit 300 vje\u00e7ar\u2026<br \/>\nShkelqesi, derisa \u201cfleterrufeja\u201d per ty te ngjitet ne shtylle, ke ende pak kohe per te lehtesuar poziten tende.<\/p>\n<p>I tregon ose jo \u201cshoket\u201d ne kete beteje kunder Shteteve te Bashkuara te Amerikes, aleatit dhe mbrojtesit me te madh ne planet te Kombit Shqiptar, kjo eshte pune per ty\u2026<br \/>\nMeqe eshte fundjave dhe ti zakonisht e kalon ne Gjirin e Lalzit, bej te fala komshiut, komishijes dhe familjes se tyre\u2026<\/p>\n<p>Qani hallet, ndizni ndonje qiri, se mbase Abaz Aliu, atje ne majen e malit te shenjte te Tomorrit, u merr me sy te mire\u2026<br \/>\nPa\u00e7 fat, Shkelqesi\u2026.<\/p>\n","protected":false},"excerpt":{"rendered":"<p>Gazetari Artan Hoxha ka sulmuar Presidentin e vendit, Ilir Meta, pasi ky i fundit shprehu solidaritetin e tij me ish-Kryeministrin Sali Berisha dhe familjen e tij pas vendimit t\u00eb DASH p\u00ebr t\u2019i ndaluar hyrjen n\u00eb SHBA. \u201cKjo \u201cflet\u00ebrrufe\u201d jo rast\u00ebsisht u k\u00ebrkua n\u00eb k\u00ebt\u00eb moment, kur procesi zgjedhor ende nuk \u00ebsht\u00eb mbyllur zyrtarisht dhe kur [&hellip;]<\/p>\n","protected":false},"author":2031,"featured_media":183985,"comment_status":"closed","ping_status":"closed","sticky":false,"template":"","format":"standard","meta":{"footnotes":""},"categories":[231],"tags":[2579,981,312,329],"class_list":{"0":"post-183984","1":"post","2":"type-post","3":"status-publish","4":"format-standard","5":"has-post-thumbnail","7":"category-lajme","8":"tag-artan-hoxha","9":"tag-berisha","10":"tag-lajme","11":"tag-zjarr-tv"},"_links":{"self":[{"href":"https:\/\/zjarr.tv\/sq\/wp-json\/wp\/v2\/posts\/183984","targetHints":{"allow":["GET"]}}],"collection":[{"href":"https:\/\/zjarr.tv\/sq\/wp-json\/wp\/v2\/posts"}],"about":[{"href":"https:\/\/zjarr.tv\/sq\/wp-json\/wp\/v2\/types\/post"}],"author":[{"embeddable":true,"href":"https:\/\/zjarr.tv\/sq\/wp-json\/wp\/v2\/users\/2031"}],"replies":[{"embeddable":true,"href":"https:\/\/zjarr.tv\/sq\/wp-json\/wp\/v2\/comments?post=183984"}],"version-history":[{"count":0,"href":"https:\/\/zjarr.tv\/sq\/wp-json\/wp\/v2\/posts\/183984\/revisions"}],"wp:featuredmedia":[{"embeddable":true,"href":"https:\/\/zjarr.tv\/sq\/wp-json\/wp\/v2\/media\/183985"}],"wp:attachment":[{"href":"https:\/\/zjarr.tv\/sq\/wp-json\/wp\/v2\/media?parent=183984"}],"wp:term":[{"taxonomy":"category","embeddable":true,"href":"https:\/\/zjarr.tv\/sq\/wp-json\/wp\/v2\/categories?post=183984"},{"taxonomy":"post_tag","embeddable":true,"href":"https:\/\/zjarr.tv\/sq\/wp-json\/wp\/v2\/tags?post=183984"}],"curies":[{"name":"wp","href":"https:\/\/api.w.org\/{rel}","templated":true}]}}