{"id":183993,"date":"2021-05-22T17:17:40","date_gmt":"2021-05-22T15:17:40","guid":{"rendered":"https:\/\/zjarr.tv\/?p=183993"},"modified":"2021-05-22T17:17:40","modified_gmt":"2021-05-22T15:17:40","slug":"xhacka-shqiperia-gati-per-mbajtjen-e-konferences-se-pare-nderqeveritare","status":"publish","type":"post","link":"https:\/\/zjarr.tv\/sq\/xhacka-shqiperia-gati-per-mbajtjen-e-konferences-se-pare-nderqeveritare\/","title":{"rendered":"Xha\u00e7ka: Shqip\u00ebria gati p\u00ebr mbajtjen e Konferenc\u00ebs s\u00eb par\u00eb Nd\u00ebrqeveritare"},"content":{"rendered":"<p>Ministrja p\u00ebr Evrop\u00ebn dhe Pun\u00ebt e Jashtme, Olta Xha\u00e7ka mori pjes\u00eb n\u00eb video-konferenc\u00ebn e sesionit t\u00eb 131-t\u00eb t\u00eb Komitetit t\u00eb Ministrave t\u00eb K\u00ebshillit t\u00eb Evrop\u00ebs, i cili sh\u00ebnoi p\u00ebrfundimin e Kryesis\u00eb s\u00eb radh\u00ebs s\u00eb KiE q\u00eb mbahet nga Gjermania.<\/p>\n<p>\u201c<em>Takimi i radh\u00ebs i Komitetit t\u00eb Ministrave t\u00eb K\u00ebshillit t\u00eb Evrop\u00ebs, n\u00ebn kryesin\u00eb gjermane ishte nj\u00eb mund\u00ebsi e mir\u00eb, p\u00ebr t\u00eb vler\u00ebsuar kontributin e organizat\u00ebs n\u00eb funksion t\u00eb demokracis\u00eb, shtetit t\u00eb s\u00eb drejt\u00ebs dhe t\u00eb drejtave t\u00eb njeriut gjat\u00eb pandemis\u00eb.<\/em><\/p>\n<p><em>P\u00ebrg\u00ebzova partner\u00ebt tan\u00eb gjerman\u00eb p\u00ebr pun\u00ebn e mir\u00eb gjat\u00eb kryesimit t\u00eb KiE, si dhe i urova suksese koleg\u00ebve hungarez\u00eb, gjat\u00eb kryesimit t\u00eb organizat\u00ebs p\u00ebr 6 muajt e ardhsh\u00ebm<\/em>\u201d shkruan ministrja.<\/p>\n<p>\u201c<em>Jemi t\u00eb p\u00ebrkushtuar t\u00eb vazhdojm\u00eb me reformat e brendshme, duke pritur mbajtjen e Konferenc\u00ebs s\u00eb par\u00eb Nd\u00ebrqeveritare t\u00eb Shqip\u00ebris\u00eb me BE-n\u00eb\u201d<\/em>, u shpreh ministrja.<\/p>\n","protected":false},"excerpt":{"rendered":"<p>Ministrja p\u00ebr Evrop\u00ebn dhe Pun\u00ebt e Jashtme, Olta Xha\u00e7ka mori pjes\u00eb n\u00eb video-konferenc\u00ebn e sesionit t\u00eb 131-t\u00eb t\u00eb Komitetit t\u00eb Ministrave t\u00eb K\u00ebshillit t\u00eb Evrop\u00ebs, i cili sh\u00ebnoi p\u00ebrfundimin e Kryesis\u00eb s\u00eb radh\u00ebs s\u00eb KiE q\u00eb mbahet nga Gjermania. \u201cTakimi i radh\u00ebs i Komitetit t\u00eb Ministrave t\u00eb K\u00ebshillit t\u00eb Evrop\u00ebs, n\u00ebn kryesin\u00eb gjermane ishte nj\u00eb [&hellip;]<\/p>\n","protected":false},"author":2030,"featured_media":183996,"comment_status":"closed","ping_status":"closed","sticky":false,"template":"","format":"standard","meta":{"footnotes":""},"categories":[241],"tags":[],"class_list":{"0":"post-183993","1":"post","2":"type-post","3":"status-publish","4":"format-standard","5":"has-post-thumbnail","7":"category-aktualitet"},"_links":{"self":[{"href":"https:\/\/zjarr.tv\/sq\/wp-json\/wp\/v2\/posts\/183993","targetHints":{"allow":["GET"]}}],"collection":[{"href":"https:\/\/zjarr.tv\/sq\/wp-json\/wp\/v2\/posts"}],"about":[{"href":"https:\/\/zjarr.tv\/sq\/wp-json\/wp\/v2\/types\/post"}],"author":[{"embeddable":true,"href":"https:\/\/zjarr.tv\/sq\/wp-json\/wp\/v2\/users\/2030"}],"replies":[{"embeddable":true,"href":"https:\/\/zjarr.tv\/sq\/wp-json\/wp\/v2\/comments?post=183993"}],"version-history":[{"count":0,"href":"https:\/\/zjarr.tv\/sq\/wp-json\/wp\/v2\/posts\/183993\/revisions"}],"wp:featuredmedia":[{"embeddable":true,"href":"https:\/\/zjarr.tv\/sq\/wp-json\/wp\/v2\/media\/183996"}],"wp:attachment":[{"href":"https:\/\/zjarr.tv\/sq\/wp-json\/wp\/v2\/media?parent=183993"}],"wp:term":[{"taxonomy":"category","embeddable":true,"href":"https:\/\/zjarr.tv\/sq\/wp-json\/wp\/v2\/categories?post=183993"},{"taxonomy":"post_tag","embeddable":true,"href":"https:\/\/zjarr.tv\/sq\/wp-json\/wp\/v2\/tags?post=183993"}],"curies":[{"name":"wp","href":"https:\/\/api.w.org\/{rel}","templated":true}]}}