{"id":184001,"date":"2021-05-22T17:37:40","date_gmt":"2021-05-22T15:37:40","guid":{"rendered":"https:\/\/zjarr.tv\/?p=184001"},"modified":"2021-05-22T17:37:40","modified_gmt":"2021-05-22T15:37:40","slug":"kim-jong-un-me-dore-te-hekurt-do-visheni-dhe-do-prisni-floket-sic-dua-une","status":"publish","type":"post","link":"https:\/\/zjarr.tv\/sq\/kim-jong-un-me-dore-te-hekurt-do-visheni-dhe-do-prisni-floket-sic-dua-une\/","title":{"rendered":"Kim Jong-un me dor\u00eb t\u00eb hekurt: Do visheni dhe do prisni flok\u00ebt si\u00e7 dua un\u00eb"},"content":{"rendered":"<p>Lideri i Kores\u00eb s\u00eb Veriut, Kim Jong-un, \u00ebsht\u00eb nj\u00eb nga diktator\u00ebt e pak\u00ebt t\u00eb bot\u00ebs.<\/p>\n<p>Ai, shpesh nd\u00ebrmerr vendime ekstreme ndaj qytetar\u00ebve t\u00eb tij. Vendimi i fundit i Kim ka habitur jo pak pjes\u00ebn tjet\u00ebr t\u00eb globit.<\/p>\n<p>Ai ka ndaluar, stilin e flok\u00ebve \u201cmullet\u201d si dhe ndalimin e xhinseve t\u00eb ngushta, p\u00ebr qytetar\u00ebt e shtetit t\u00eb tij. Burime shum\u00eb pran\u00eb tij, thon\u00eb se me k\u00ebto masa, diktaotir i hekurt synon t\u00eb ndaloj\u00eb nxitjen kapitaliste q\u00eb mund t\u00eb p\u00ebrfshij\u00eb rinin\u00eb e vendit.<\/p>\n<p>Sipas mediave t\u00eb huaja, p\u00ebrve\u00e7 stilit t\u00eb flok\u00ebve \u201cmullet\u201d, stilet e tjera sikurse flok\u00ebt me e lyera jan\u00eb ndaluar gjithashtu n\u00eb shtetin totalitar, nd\u00ebrsa vet\u00ebm 15 prerje \u201ct\u00eb duhura\u201d u aprovuan p\u00ebr qytetar\u00ebt.<\/p>\n<p>Koreano-verior\u00ebt gjithashtu nuk do t\u00eb lejohen t\u00eb veshin xhinse t\u00eb grisura, t\u00eb ken\u00eb shpime n\u00eb hund\u00eb apo n\u00eb vesh, apo edhe t\u00eb veshin bluza me slogane.<\/p>\n<p>\u201cHistoria na m\u00ebson nj\u00eb m\u00ebsim thelb\u00ebsor se nj\u00eb vend mund t\u00eb b\u00ebhet i pambrojtur dhe mund t\u00eb shembet si nj\u00eb mur i lag\u00ebsht, pavar\u00ebsisht nga fuqia ekonomike n\u00ebse nuk menaxhohet m\u00ebnyra e jetes\u00ebs ton\u00eb\u201d, shkroi gazeta shtet\u00ebrore.<\/p>\n","protected":false},"excerpt":{"rendered":"<p>Lideri i Kores\u00eb s\u00eb Veriut, Kim Jong-un, \u00ebsht\u00eb nj\u00eb nga diktator\u00ebt e pak\u00ebt t\u00eb bot\u00ebs. Ai, shpesh nd\u00ebrmerr vendime ekstreme ndaj qytetar\u00ebve t\u00eb tij. Vendimi i fundit i Kim ka habitur jo pak pjes\u00ebn tjet\u00ebr t\u00eb globit. Ai ka ndaluar, stilin e flok\u00ebve \u201cmullet\u201d si dhe ndalimin e xhinseve t\u00eb ngushta, p\u00ebr qytetar\u00ebt e shtetit [&hellip;]<\/p>\n","protected":false},"author":2030,"featured_media":184002,"comment_status":"closed","ping_status":"closed","sticky":false,"template":"","format":"standard","meta":{"footnotes":""},"categories":[241,191,1454],"tags":[],"class_list":{"0":"post-184001","1":"post","2":"type-post","3":"status-publish","4":"format-standard","5":"has-post-thumbnail","7":"category-aktualitet","8":"category-bota","9":"category-politike"},"_links":{"self":[{"href":"https:\/\/zjarr.tv\/sq\/wp-json\/wp\/v2\/posts\/184001","targetHints":{"allow":["GET"]}}],"collection":[{"href":"https:\/\/zjarr.tv\/sq\/wp-json\/wp\/v2\/posts"}],"about":[{"href":"https:\/\/zjarr.tv\/sq\/wp-json\/wp\/v2\/types\/post"}],"author":[{"embeddable":true,"href":"https:\/\/zjarr.tv\/sq\/wp-json\/wp\/v2\/users\/2030"}],"replies":[{"embeddable":true,"href":"https:\/\/zjarr.tv\/sq\/wp-json\/wp\/v2\/comments?post=184001"}],"version-history":[{"count":0,"href":"https:\/\/zjarr.tv\/sq\/wp-json\/wp\/v2\/posts\/184001\/revisions"}],"wp:featuredmedia":[{"embeddable":true,"href":"https:\/\/zjarr.tv\/sq\/wp-json\/wp\/v2\/media\/184002"}],"wp:attachment":[{"href":"https:\/\/zjarr.tv\/sq\/wp-json\/wp\/v2\/media?parent=184001"}],"wp:term":[{"taxonomy":"category","embeddable":true,"href":"https:\/\/zjarr.tv\/sq\/wp-json\/wp\/v2\/categories?post=184001"},{"taxonomy":"post_tag","embeddable":true,"href":"https:\/\/zjarr.tv\/sq\/wp-json\/wp\/v2\/tags?post=184001"}],"curies":[{"name":"wp","href":"https:\/\/api.w.org\/{rel}","templated":true}]}}