{"id":184011,"date":"2021-05-22T17:54:51","date_gmt":"2021-05-22T15:54:51","guid":{"rendered":"https:\/\/zjarr.tv\/?p=184011"},"modified":"2021-05-22T17:54:51","modified_gmt":"2021-05-22T15:54:51","slug":"rrezikohet-padia-e-berishes-ne-france-juristi-francez-sqaron-situaten-duhet-te-kete-nenshtetesi-franceze-apo-te-jete-rezident-ne-france","status":"publish","type":"post","link":"https:\/\/zjarr.tv\/sq\/rrezikohet-padia-e-berishes-ne-france-juristi-francez-sqaron-situaten-duhet-te-kete-nenshtetesi-franceze-apo-te-jete-rezident-ne-france\/","title":{"rendered":"Rrezikohet padia e Berish\u00ebs n\u00eb Franc\u00eb? Juristi francez sqaron situat\u00ebn: Duhet t\u00eb ket\u00eb n\u00ebnshtet\u00ebsi franceze apo t\u00eb jet\u00eb rezident n\u00eb Franc\u00eb\u2026"},"content":{"rendered":"<p>Ish-kryeministri Sali Berisha, i shpallur \u201cnon grata\u201d nga SHBA, ka njoftuar se do t\u00eb ngrej\u00eb nj\u00eb padi kund\u00ebr Sekretarit Amerikan t\u00eb Shtetit, Antony Blinken.<\/p>\n<p>Por juristi francez Ma\u00eetre Claude Benjamin Mizrahi thot\u00eb se Berisha duhet t\u00eb ket\u00eb n\u00ebnshtet\u00ebsi franceze ose t\u00eb jet\u00eb resident n\u00eb Franc\u00eb, n\u00ebse d\u00ebshiron q\u00eb t\u00eb ngrej\u00eb padi n\u00eb Gjykat\u00ebn Korreksionale t\u00eb Parisit.<\/p>\n<p>N\u00eb nj\u00eb intervist\u00eb n\u00eb Top Channel, Mizrahi tha se Berish\u00ebs i lejohet t\u00eb ngrej\u00eb padi n\u00eb Franc\u00eb n\u00ebse \u00ebsht\u00eb njoftuar p\u00ebr lajmin brenda territorit francez.<\/p>\n<p>\u201cJam pyetur sot p\u00ebr nj\u00eb padi q\u00eb \u00ebsht\u00eb b\u00ebr\u00eb nga Zoti Berisha, ish president dhe kryeminist\u00ebr i Shqip\u00ebris\u00eb kundrejt sekretarit amerikan n\u00eb kushtet kur ky i fundit e ka deklaruar z Berisha dhe familjen e tij person \u201cnon -grata\u201d n\u00eb SHBA si pasoj\u00eb e ngjarjeve t\u00eb ndodhura vite m\u00eb par\u00eb. Ajo q\u00eb kuptoj tjet\u00ebr \u00ebsht\u00eb se padia \u00ebsht\u00eb ngritur p\u00ebr shpifje, \u00e7\u2019ka m\u00eb duket logjike pas informacioneve q\u00eb kam marr\u00eb.<\/p>\n<p>Por theksoj se gjith\u00eb \u00e7far\u00eb po them \u00ebsht\u00eb hipotetike pasi nuk e kam dosjen n\u00eb zot\u00ebrim. N\u00eb k\u00ebto rrethana, m\u00eb pyesin p\u00ebr arsyen dhe faktin pse padia \u00ebsht\u00eb b\u00ebr\u00eb n\u00eb Gjykat\u00ebn Korreksionale t\u00eb Parisit. Shpjegimet e para qe mund t\u00eb jap jan\u00eb: ose zoti Berisha \u00ebsht\u00eb rezident francez apo ka nj\u00eb rezidenc\u00eb franceze q\u00eb do i lejonte t\u00eb k\u00ebrkonte mbrojtjen e juridiksioneve franceze ose, dhe ajo q\u00eb m\u00eb duket m\u00eb logjike n\u00eb kushtet q\u00eb jemi, \u00ebsht\u00eb se n\u00eb k\u00ebt\u00eb rast, deklarata e sekretarit amerikan \u00ebsht\u00eb b\u00ebr\u00eb n\u00eb rrjetet sociale dhe mjafton q\u00eb informacioni t\u00eb merret apo q\u00eb zoti Berisha t\u00eb jet\u00eb njoftuar p\u00ebr lajmin brenda territorit francez gj\u00eb q\u00eb mund te provohet dhe kjo mjafton p\u00ebr t\u00eb mb\u00ebshtetur kompetenc\u00ebn e Gjykat\u00ebs Korreksionale t\u00eb Parisit.<\/p>\n<p>K\u00ebto elemente do i lejonin krejt ligj\u00ebrisht zotit Berisha t\u00eb padiste sekretarin amerikan pran\u00eb gjykatave franceze. Sigurisht, duke mbajtur gjith\u00eb rezervat e nevojshme pasi dosja nuk \u00ebsht\u00eb n\u00eb zot\u00ebrimin tim\u201d, th juristi Ma\u00eetre Claude Benjamin Mizrahi.<\/p>\n<p>Por nga deklarimet e ish kryeministrit Berisha, rezulton q\u00eb ai nuk ka deklaruar se \u00ebsht\u00eb pronar i ndonj\u00eb sht\u00ebpie n\u00eb Franc\u00eb ose Paris. Gjithashtu nuk rezulton q\u00eb Berisha t\u00eb ket\u00eb n\u00ebnshtet\u00ebsi franceze, apo q\u00eb lajmin se shpalljes t\u00eb pad\u00ebshiruar ta ket\u00eb marr\u00eb n\u00eb Franc\u00eb.<\/p>\n","protected":false},"excerpt":{"rendered":"<p>Ish-kryeministri Sali Berisha, i shpallur \u201cnon grata\u201d nga SHBA, ka njoftuar se do t\u00eb ngrej\u00eb nj\u00eb padi kund\u00ebr Sekretarit Amerikan t\u00eb Shtetit, Antony Blinken. Por juristi francez Ma\u00eetre Claude Benjamin Mizrahi thot\u00eb se Berisha duhet t\u00eb ket\u00eb n\u00ebnshtet\u00ebsi franceze ose t\u00eb jet\u00eb resident n\u00eb Franc\u00eb, n\u00ebse d\u00ebshiron q\u00eb t\u00eb ngrej\u00eb padi n\u00eb Gjykat\u00ebn Korreksionale t\u00eb [&hellip;]<\/p>\n","protected":false},"author":2031,"featured_media":184012,"comment_status":"closed","ping_status":"closed","sticky":false,"template":"","format":"standard","meta":{"footnotes":""},"categories":[231],"tags":[981,312,3237,329],"class_list":{"0":"post-184011","1":"post","2":"type-post","3":"status-publish","4":"format-standard","5":"has-post-thumbnail","7":"category-lajme","8":"tag-berisha","9":"tag-lajme","10":"tag-maitre-claude-benjamin-mizrahi","11":"tag-zjarr-tv"},"_links":{"self":[{"href":"https:\/\/zjarr.tv\/sq\/wp-json\/wp\/v2\/posts\/184011","targetHints":{"allow":["GET"]}}],"collection":[{"href":"https:\/\/zjarr.tv\/sq\/wp-json\/wp\/v2\/posts"}],"about":[{"href":"https:\/\/zjarr.tv\/sq\/wp-json\/wp\/v2\/types\/post"}],"author":[{"embeddable":true,"href":"https:\/\/zjarr.tv\/sq\/wp-json\/wp\/v2\/users\/2031"}],"replies":[{"embeddable":true,"href":"https:\/\/zjarr.tv\/sq\/wp-json\/wp\/v2\/comments?post=184011"}],"version-history":[{"count":0,"href":"https:\/\/zjarr.tv\/sq\/wp-json\/wp\/v2\/posts\/184011\/revisions"}],"wp:featuredmedia":[{"embeddable":true,"href":"https:\/\/zjarr.tv\/sq\/wp-json\/wp\/v2\/media\/184012"}],"wp:attachment":[{"href":"https:\/\/zjarr.tv\/sq\/wp-json\/wp\/v2\/media?parent=184011"}],"wp:term":[{"taxonomy":"category","embeddable":true,"href":"https:\/\/zjarr.tv\/sq\/wp-json\/wp\/v2\/categories?post=184011"},{"taxonomy":"post_tag","embeddable":true,"href":"https:\/\/zjarr.tv\/sq\/wp-json\/wp\/v2\/tags?post=184011"}],"curies":[{"name":"wp","href":"https:\/\/api.w.org\/{rel}","templated":true}]}}