{"id":184017,"date":"2021-05-22T18:02:12","date_gmt":"2021-05-22T16:02:12","guid":{"rendered":"https:\/\/zjarr.tv\/?p=184017"},"modified":"2021-05-22T18:02:12","modified_gmt":"2021-05-22T16:02:12","slug":"pranohet-kerkesa-e-hashim-thacit-do-te-perfaqesohet-ne-hage-nga-avokati-qe-ka-mbrojtur-gjeneralin-kroat","status":"publish","type":"post","link":"https:\/\/zjarr.tv\/sq\/pranohet-kerkesa-e-hashim-thacit-do-te-perfaqesohet-ne-hage-nga-avokati-qe-ka-mbrojtur-gjeneralin-kroat\/","title":{"rendered":"Pranohet k\u00ebrkesa e Hashim Tha\u00e7it, do t\u00eb p\u00ebrfaq\u00ebsohet n\u00eb Hag\u00eb nga avokati q\u00eb ka mbrojtur gjeneralin kroat"},"content":{"rendered":"<p>Gregory W. Kehoe do t\u00eb jet\u00eb zyrtarisht avokati i ri i Presidentit Hashim Tha\u00e7i n\u00eb gjyqin n\u00eb Hag\u00eb.<\/p>\n<p>Gjat\u00eb muajve t\u00eb kaluar Tha\u00e7i mbrohej nga David Hooper, por k\u00ebrkoi z\u00ebvend\u00ebsimin e tij dhe Gjykata Speciale e ka pranuar k\u00ebrkes\u00ebn.<\/p>\n<p>Dhomat e Specializuara t\u00eb Gjykat\u00ebs gjithashtu e kan\u00eb akredituar avokatin e ri pran\u00eb institucionit.<\/p>\n<p>Gregory Kehoe \u00ebsht\u00eb avokat me mbi 30 vjet p\u00ebrvoj\u00eb dhe ka mbrojtur individ\u00eb, korporata dhe institucione financiare n\u00eb nivel komb\u00ebtar dhe nd\u00ebrkomb\u00ebtar.<\/p>\n<p>Gregory Kehoe ka qen\u00eb avokat edhe i gjeneralit kroat Ante Gotovina n\u00eb vitin 2007 n\u00eb Tribunalin Special p\u00ebr Ish-Jugosllavin\u00eb ku ai u shpall i pafajsh\u00ebm. Emri i tij, tanim\u00eb figuron n\u00eb list\u00ebn e 206 avokat\u00ebve q\u00eb kan\u00eb t\u00eb drejt\u00eb t\u00eb p\u00ebrfaq\u00ebsojn\u00eb pal\u00ebt n\u00eb DSK.<\/p>\n","protected":false},"excerpt":{"rendered":"<p>Gregory W. Kehoe do t\u00eb jet\u00eb zyrtarisht avokati i ri i Presidentit Hashim Tha\u00e7i n\u00eb gjyqin n\u00eb Hag\u00eb. Gjat\u00eb muajve t\u00eb kaluar Tha\u00e7i mbrohej nga David Hooper, por k\u00ebrkoi z\u00ebvend\u00ebsimin e tij dhe Gjykata Speciale e ka pranuar k\u00ebrkes\u00ebn. Dhomat e Specializuara t\u00eb Gjykat\u00ebs gjithashtu e kan\u00eb akredituar avokatin e ri pran\u00eb institucionit. Gregory Kehoe [&hellip;]<\/p>\n","protected":false},"author":2031,"featured_media":153177,"comment_status":"closed","ping_status":"closed","sticky":false,"template":"","format":"standard","meta":{"footnotes":""},"categories":[231],"tags":[312,3215,329],"class_list":{"0":"post-184017","1":"post","2":"type-post","3":"status-publish","4":"format-standard","5":"has-post-thumbnail","7":"category-lajme","8":"tag-lajme","9":"tag-thaci","10":"tag-zjarr-tv"},"_links":{"self":[{"href":"https:\/\/zjarr.tv\/sq\/wp-json\/wp\/v2\/posts\/184017","targetHints":{"allow":["GET"]}}],"collection":[{"href":"https:\/\/zjarr.tv\/sq\/wp-json\/wp\/v2\/posts"}],"about":[{"href":"https:\/\/zjarr.tv\/sq\/wp-json\/wp\/v2\/types\/post"}],"author":[{"embeddable":true,"href":"https:\/\/zjarr.tv\/sq\/wp-json\/wp\/v2\/users\/2031"}],"replies":[{"embeddable":true,"href":"https:\/\/zjarr.tv\/sq\/wp-json\/wp\/v2\/comments?post=184017"}],"version-history":[{"count":0,"href":"https:\/\/zjarr.tv\/sq\/wp-json\/wp\/v2\/posts\/184017\/revisions"}],"wp:featuredmedia":[{"embeddable":true,"href":"https:\/\/zjarr.tv\/sq\/wp-json\/wp\/v2\/media\/153177"}],"wp:attachment":[{"href":"https:\/\/zjarr.tv\/sq\/wp-json\/wp\/v2\/media?parent=184017"}],"wp:term":[{"taxonomy":"category","embeddable":true,"href":"https:\/\/zjarr.tv\/sq\/wp-json\/wp\/v2\/categories?post=184017"},{"taxonomy":"post_tag","embeddable":true,"href":"https:\/\/zjarr.tv\/sq\/wp-json\/wp\/v2\/tags?post=184017"}],"curies":[{"name":"wp","href":"https:\/\/api.w.org\/{rel}","templated":true}]}}