{"id":184020,"date":"2021-05-22T18:21:15","date_gmt":"2021-05-22T16:21:15","guid":{"rendered":"https:\/\/zjarr.tv\/?p=184020"},"modified":"2021-05-22T18:21:15","modified_gmt":"2021-05-22T16:21:15","slug":"te-gjithe-presin-largimin-nga-barcelona-te-kapitenit-mediat-spanjolle-plasin-bomben-argjentinasi-ka-vendosur-te-qendroje","status":"publish","type":"post","link":"https:\/\/zjarr.tv\/sq\/te-gjithe-presin-largimin-nga-barcelona-te-kapitenit-mediat-spanjolle-plasin-bomben-argjentinasi-ka-vendosur-te-qendroje\/","title":{"rendered":"T\u00eb gjith\u00eb presin largimin nga Barcelona t\u00eb kapitenit, mediat spanjolle \u2018plasin bomb\u00ebn\u2019: Argjentinasi ka vendosur t\u00eb q\u00ebndroj\u00eb"},"content":{"rendered":"<p style=\"line-height: 19.5pt; background: white; margin: 0in 0in 18.75pt 0in;\">Lajme t\u00eb ndryshme vijn\u00eb p\u00ebr t\u00eb ardhmen e Lionel Messit tek Barcelona. M\u00eb i fundit nga gazetari Achraf Ben Ayad i beIN Sports siguron se Messi do t\u00eb q\u00ebndroj\u00eb tek Barcelona.<\/p>\n<p style=\"line-height: 19.5pt; background: white; outline: none; box-sizing: border-box; font-variant-ligatures: normal; font-variant-caps: normal; orphans: 2; text-align: start; widows: 2; -webkit-text-stroke-width: 0px; text-decoration-thickness: initial; text-decoration-style: initial; text-decoration-color: initial; word-spacing: 0px; margin: 0in 0in 18.75pt 0in;\">Sipas k\u00ebsaj mediaje prestigjoze n\u00eb fush\u00ebn e futbollit, kapiteni i Barcelon\u00ebs ka vendosur t\u00eb vijoj\u00eb me katalanasit p\u00ebr m\u00eb gjat\u00eb duke l\u00ebn\u00eb pas krisjet e m\u00ebparshme.<\/p>\n<p style=\"margin: 0in; margin-bottom: .0001pt; line-height: 19.5pt; background: white; outline: none; box-sizing: border-box; font-variant-ligatures: normal; font-variant-caps: normal; orphans: 2; text-align: start; widows: 2; -webkit-text-stroke-width: 0px; text-decoration-thickness: initial; text-decoration-style: initial; text-decoration-color: initial; word-spacing: 0px;\">Nj\u00eb ndikim t\u00eb fuqish\u00ebm tek ky vendim mund ta ket\u00eb afrimi i mundsh\u00ebm tek Barcelona i Sergio Kun Agueros, miku i ngusht\u00eb i Lionel Messit.<br style=\"outline: none; box-sizing: border-box;\" \/>Gjithsesi t\u00eb shumt\u00eb jan\u00eb z\u00ebrat q\u00eb thon\u00eb se Messi e ka marr\u00eb prej koh\u00ebsh vendimin p\u00ebr t\u2019u larguar nga Barcelona.<\/p>\n","protected":false},"excerpt":{"rendered":"<p>Lajme t\u00eb ndryshme vijn\u00eb p\u00ebr t\u00eb ardhmen e Lionel Messit tek Barcelona. M\u00eb i fundit nga gazetari Achraf Ben Ayad i beIN Sports siguron se Messi do t\u00eb q\u00ebndroj\u00eb tek Barcelona. Sipas k\u00ebsaj mediaje prestigjoze n\u00eb fush\u00ebn e futbollit, kapiteni i Barcelon\u00ebs ka vendosur t\u00eb vijoj\u00eb me katalanasit p\u00ebr m\u00eb gjat\u00eb duke l\u00ebn\u00eb pas krisjet [&hellip;]<\/p>\n","protected":false},"author":2030,"featured_media":184021,"comment_status":"closed","ping_status":"closed","sticky":false,"template":"","format":"standard","meta":{"footnotes":""},"categories":[241,192],"tags":[],"class_list":{"0":"post-184020","1":"post","2":"type-post","3":"status-publish","4":"format-standard","5":"has-post-thumbnail","7":"category-aktualitet","8":"category-sport"},"_links":{"self":[{"href":"https:\/\/zjarr.tv\/sq\/wp-json\/wp\/v2\/posts\/184020","targetHints":{"allow":["GET"]}}],"collection":[{"href":"https:\/\/zjarr.tv\/sq\/wp-json\/wp\/v2\/posts"}],"about":[{"href":"https:\/\/zjarr.tv\/sq\/wp-json\/wp\/v2\/types\/post"}],"author":[{"embeddable":true,"href":"https:\/\/zjarr.tv\/sq\/wp-json\/wp\/v2\/users\/2030"}],"replies":[{"embeddable":true,"href":"https:\/\/zjarr.tv\/sq\/wp-json\/wp\/v2\/comments?post=184020"}],"version-history":[{"count":0,"href":"https:\/\/zjarr.tv\/sq\/wp-json\/wp\/v2\/posts\/184020\/revisions"}],"wp:featuredmedia":[{"embeddable":true,"href":"https:\/\/zjarr.tv\/sq\/wp-json\/wp\/v2\/media\/184021"}],"wp:attachment":[{"href":"https:\/\/zjarr.tv\/sq\/wp-json\/wp\/v2\/media?parent=184020"}],"wp:term":[{"taxonomy":"category","embeddable":true,"href":"https:\/\/zjarr.tv\/sq\/wp-json\/wp\/v2\/categories?post=184020"},{"taxonomy":"post_tag","embeddable":true,"href":"https:\/\/zjarr.tv\/sq\/wp-json\/wp\/v2\/tags?post=184020"}],"curies":[{"name":"wp","href":"https:\/\/api.w.org\/{rel}","templated":true}]}}