{"id":184046,"date":"2021-05-23T08:09:33","date_gmt":"2021-05-23T06:09:33","guid":{"rendered":"https:\/\/zjarr.tv\/?p=184046"},"modified":"2021-05-23T08:09:33","modified_gmt":"2021-05-23T06:09:33","slug":"lajm-i-fundit-krimi-nuk-njeh-te-diele-ne-elbasan-gjendet-nje-person-i-vrare","status":"publish","type":"post","link":"https:\/\/zjarr.tv\/sq\/lajm-i-fundit-krimi-nuk-njeh-te-diele-ne-elbasan-gjendet-nje-person-i-vrare\/","title":{"rendered":"LAJM I FUNDIT\/ Krimi nuk njeh \u201dt\u00eb diel\u00eb\u201d n\u00eb Elbasan, gjendet nj\u00eb person i vrar\u00eb"},"content":{"rendered":"<p>Nj\u00eb person ende i paidentifikuar \u00ebsht\u00eb gjetur i pajet\u00eb n\u00eb Elbasan, nd\u00ebrsa dyshimet e para jan\u00eb se ai \u00ebsht\u00eb vrar\u00eb me sende t\u00eb forta.<\/p>\n<p>Burime b\u00ebjn\u00eb me dije se viktima \u00ebsht\u00eb rreth 50 vje\u00e7, dhe ka plag\u00eb n\u00eb kok\u00eb dhe d\u00ebmtime t\u00eb tjera n\u00eb pjes\u00eb t\u00eb trupit.<\/p>\n<p>Vijon\u2026<\/p>\n","protected":false},"excerpt":{"rendered":"<p>Nj\u00eb person ende i paidentifikuar \u00ebsht\u00eb gjetur i pajet\u00eb n\u00eb Elbasan, nd\u00ebrsa dyshimet e para jan\u00eb se ai \u00ebsht\u00eb vrar\u00eb me sende t\u00eb forta. Burime b\u00ebjn\u00eb me dije se viktima \u00ebsht\u00eb rreth 50 vje\u00e7, dhe ka plag\u00eb n\u00eb kok\u00eb dhe d\u00ebmtime t\u00eb tjera n\u00eb pjes\u00eb t\u00eb trupit. Vijon\u2026<\/p>\n","protected":false},"author":2031,"featured_media":148453,"comment_status":"closed","ping_status":"closed","sticky":false,"template":"","format":"standard","meta":{"footnotes":""},"categories":[231],"tags":[],"class_list":{"0":"post-184046","1":"post","2":"type-post","3":"status-publish","4":"format-standard","5":"has-post-thumbnail","7":"category-lajme"},"_links":{"self":[{"href":"https:\/\/zjarr.tv\/sq\/wp-json\/wp\/v2\/posts\/184046","targetHints":{"allow":["GET"]}}],"collection":[{"href":"https:\/\/zjarr.tv\/sq\/wp-json\/wp\/v2\/posts"}],"about":[{"href":"https:\/\/zjarr.tv\/sq\/wp-json\/wp\/v2\/types\/post"}],"author":[{"embeddable":true,"href":"https:\/\/zjarr.tv\/sq\/wp-json\/wp\/v2\/users\/2031"}],"replies":[{"embeddable":true,"href":"https:\/\/zjarr.tv\/sq\/wp-json\/wp\/v2\/comments?post=184046"}],"version-history":[{"count":0,"href":"https:\/\/zjarr.tv\/sq\/wp-json\/wp\/v2\/posts\/184046\/revisions"}],"wp:featuredmedia":[{"embeddable":true,"href":"https:\/\/zjarr.tv\/sq\/wp-json\/wp\/v2\/media\/148453"}],"wp:attachment":[{"href":"https:\/\/zjarr.tv\/sq\/wp-json\/wp\/v2\/media?parent=184046"}],"wp:term":[{"taxonomy":"category","embeddable":true,"href":"https:\/\/zjarr.tv\/sq\/wp-json\/wp\/v2\/categories?post=184046"},{"taxonomy":"post_tag","embeddable":true,"href":"https:\/\/zjarr.tv\/sq\/wp-json\/wp\/v2\/tags?post=184046"}],"curies":[{"name":"wp","href":"https:\/\/api.w.org\/{rel}","templated":true}]}}