{"id":184050,"date":"2021-05-23T08:12:32","date_gmt":"2021-05-23T06:12:32","guid":{"rendered":"https:\/\/zjarr.tv\/?p=184050"},"modified":"2021-05-23T08:12:32","modified_gmt":"2021-05-23T06:12:32","slug":"shtetet-e-bashkuara-fusin-ne-listen-e-zeze-12-anije-ruse-arsyeja","status":"publish","type":"post","link":"https:\/\/zjarr.tv\/sq\/shtetet-e-bashkuara-fusin-ne-listen-e-zeze-12-anije-ruse-arsyeja\/","title":{"rendered":"Shtetet e Bashkuara fusin n\u00eb list\u00ebn e zez\u00eb 12 anije ruse (ARSYEJA)"},"content":{"rendered":"<p>Shtetet e Bashkuara fut\u00ebn zyrtarisht n\u00eb list\u00ebn e zez\u00eb mbi 12 anije ruse t\u00eb p\u00ebrfshira n\u00eb nd\u00ebrtimin e tubacionit Nord Stream 2, pak dit\u00eb pasi nxor\u00ebn nga lista kompanin\u00eb operatore ruse dhe drejtorin e saj ekzekutiv.<\/p>\n<p>Veprimi ishte njoftuar paraprakisht m\u00eb 21 maj nga Departamenti amerikan i Thesarit, nd\u00ebrsa pati kritika t\u00eb forta nga ligjv\u00ebn\u00ebsit republikan\u00eb ndaj njoftimit t\u00eb Sht\u00ebpis\u00eb s\u00eb Bardh\u00eb se vet\u00eb kompania operatore ruse nuk do t\u00eb ishte m\u00eb pjes\u00eb e sanksioneve.<\/p>\n<p>Pothuajse i p\u00ebrfunduar, tubacioni i Detit Balltik do t\u00eb sjell\u00eb gazin rus direkt n\u00eb Gjermani, duke anashkaluar linjat rrugore p\u00ebrmes Ukrain\u00ebs, Bjellorusis\u00eb dhe vendeve t\u00eb tjera.<\/p>\n<p>Kritik\u00ebt thon\u00eb se tubacioni do t\u00eb shtoj\u00eb var\u00ebsin\u00eb e Gjermanis\u00eb nga energjia ruse dhe do ta b\u00ebj\u00eb Berlinin m\u00eb t\u00eb preksh\u00ebm nga politikat e Kremlinit. Gjithashtu ata thon\u00eb se tubacioni do t\u2019i mohoj\u00eb Ukrain\u00ebs dhe vendeve t\u00eb tjera fitimet nga tarifat p\u00ebr tranzitin.<\/p>\n<p>Sidoqoft\u00eb, tubacioni \u00ebsht\u00eb mb\u00ebshtetur nga qeveria e Kancelares Angela Merkel. V\u00ebzhguesit politik\u00eb than\u00eb se Presidenti Joe Biden duket se nuk zgjodhi grindjen me nj\u00eb aleat t\u00eb Shteteve t\u00eb Bashkuara p\u00ebr k\u00ebt\u00eb \u00e7\u00ebshtje.<\/p>\n<p>Departamenti i Shtetit n\u00eb fillim t\u00eb k\u00ebsaj jave njoftoi synimin p\u00ebr t\u00eb mos sanksionuar operatorin rus t\u00eb gazsjell\u00ebsit, Nord Stream 2 AG, dhe drejtorin ekzekutiv, Matthias Warnig, i cili \u00ebsht\u00eb nj\u00eb aleat i Presidentit rus Vladimir Putin.<\/p>\n<p>Senator\u00ebt republikan\u00eb than\u00eb se do t\u00eb hartojn\u00eb legjislacion p\u00ebr t\u00eb rivendosur sanksionet.<\/p>\n<p>\u201cNuk e kuptoj. A nuk duan ta zem\u00ebrojn\u00eb Putinin? Nuk e kuptoj k\u00ebt\u00eb. A nuk duan ta zem\u00ebrojn\u00eb Gjermanin\u00eb?\u201d, u tha gazetar\u00ebve m\u00eb 20 maj Senatori Jim Risch, zyrtar i lart\u00eb republikan n\u00eb Komisionin e Senatit p\u00ebr Marr\u00ebdh\u00ebnieve me Jasht\u00eb.<\/p>\n","protected":false},"excerpt":{"rendered":"<p>Shtetet e Bashkuara fut\u00ebn zyrtarisht n\u00eb list\u00ebn e zez\u00eb mbi 12 anije ruse t\u00eb p\u00ebrfshira n\u00eb nd\u00ebrtimin e tubacionit Nord Stream 2, pak dit\u00eb pasi nxor\u00ebn nga lista kompanin\u00eb operatore ruse dhe drejtorin e saj ekzekutiv. Veprimi ishte njoftuar paraprakisht m\u00eb 21 maj nga Departamenti amerikan i Thesarit, nd\u00ebrsa pati kritika t\u00eb forta nga ligjv\u00ebn\u00ebsit [&hellip;]<\/p>\n","protected":false},"author":2031,"featured_media":184051,"comment_status":"closed","ping_status":"closed","sticky":false,"template":"","format":"standard","meta":{"footnotes":""},"categories":[231],"tags":[],"class_list":{"0":"post-184050","1":"post","2":"type-post","3":"status-publish","4":"format-standard","5":"has-post-thumbnail","7":"category-lajme"},"_links":{"self":[{"href":"https:\/\/zjarr.tv\/sq\/wp-json\/wp\/v2\/posts\/184050","targetHints":{"allow":["GET"]}}],"collection":[{"href":"https:\/\/zjarr.tv\/sq\/wp-json\/wp\/v2\/posts"}],"about":[{"href":"https:\/\/zjarr.tv\/sq\/wp-json\/wp\/v2\/types\/post"}],"author":[{"embeddable":true,"href":"https:\/\/zjarr.tv\/sq\/wp-json\/wp\/v2\/users\/2031"}],"replies":[{"embeddable":true,"href":"https:\/\/zjarr.tv\/sq\/wp-json\/wp\/v2\/comments?post=184050"}],"version-history":[{"count":0,"href":"https:\/\/zjarr.tv\/sq\/wp-json\/wp\/v2\/posts\/184050\/revisions"}],"wp:featuredmedia":[{"embeddable":true,"href":"https:\/\/zjarr.tv\/sq\/wp-json\/wp\/v2\/media\/184051"}],"wp:attachment":[{"href":"https:\/\/zjarr.tv\/sq\/wp-json\/wp\/v2\/media?parent=184050"}],"wp:term":[{"taxonomy":"category","embeddable":true,"href":"https:\/\/zjarr.tv\/sq\/wp-json\/wp\/v2\/categories?post=184050"},{"taxonomy":"post_tag","embeddable":true,"href":"https:\/\/zjarr.tv\/sq\/wp-json\/wp\/v2\/tags?post=184050"}],"curies":[{"name":"wp","href":"https:\/\/api.w.org\/{rel}","templated":true}]}}