{"id":184059,"date":"2021-05-23T11:45:39","date_gmt":"2021-05-23T09:45:39","guid":{"rendered":"https:\/\/zjarr.tv\/?p=184059"},"modified":"2021-05-23T11:45:39","modified_gmt":"2021-05-23T09:45:39","slug":"shetitje-me-biciklete-balla-soreca-dhe-klosi-te-dielen-e-kalojne-ne-stebleve","status":"publish","type":"post","link":"https:\/\/zjarr.tv\/sq\/shetitje-me-biciklete-balla-soreca-dhe-klosi-te-dielen-e-kalojne-ne-stebleve\/","title":{"rendered":"Sh\u00ebtitje me bi\u00e7iklet\u00eb, Balla, Soreca dhe Klosi, t\u00eb diel\u00ebn e kalojn\u00eb n\u00eb St\u00ebblev\u00eb"},"content":{"rendered":"<p style=\"background: white; margin: 0in 0in 19.5pt 0in;\">Kreu i grupit parlamentar t\u00eb Partis\u00eb Socialiste, Taulant Balla bashk\u00eb me ministrin Blendi Klosi dhe ambasadorin e BE, Luigi Soreca k\u00ebt\u00eb t\u00eb diel\u00eb kan\u00eb vendosur ta kalojn\u00eb n\u00eb St\u00ebblev\u00eb.<\/p>\n<p style=\"background: white; -webkit-tap-highlight-color: transparent !important; box-sizing: border-box; overflow-wrap: break-word; font-variant-ligatures: normal; font-variant-caps: normal; orphans: 2; widows: 2; -webkit-text-stroke-width: 0px; text-decoration-thickness: initial; text-decoration-style: initial; text-decoration-color: initial; word-spacing: 0px; margin: 0in 0in 19.5pt 0in;\">Balla ka postuar disa foto n\u00eb rrjetet sociale, ku shihen te tre n\u00eb bi\u00e7iklet\u00eb, teksa b\u00ebjn\u00eb xhiro n\u00eb natyr\u00eb dhe shijojn\u00eb bukurit\u00eb e St\u00ebblev\u00ebs.<\/p>\n<p style=\"background: white; -webkit-tap-highlight-color: transparent !important; box-sizing: border-box; overflow-wrap: break-word; font-variant-ligatures: normal; font-variant-caps: normal; orphans: 2; widows: 2; -webkit-text-stroke-width: 0px; text-decoration-thickness: initial; text-decoration-style: initial; text-decoration-color: initial; word-spacing: 0px; margin: 0in 0in 19.5pt 0in;\">\u201c<em>Mir\u00ebm\u00ebngjes. Bashk\u00eb me Ambasadorin Luigi Soreca dhe Ministrin Blendi Klosi me bi\u00e7ikleta mes bukurive fantastike t\u00eb St\u00ebblev\u00ebs,<\/em>\u201d shkruan Balla n\u00eb postimin e tij n\u00eb rrjetet sociale.<\/p>\n<p><img loading=\"lazy\" decoding=\"async\" class=\"alignnone size-medium wp-image-184061\" src=\"https:\/\/zjarr.tv\/wp-content\/uploads\/2021\/05\/Untitled-design-2021-05-23T114522.005-300x251.jpg\" alt=\"\" width=\"300\" height=\"251\" srcset=\"https:\/\/zjarr.tv\/wp-content\/uploads\/2021\/05\/Untitled-design-2021-05-23T114522.005-300x251.jpg 300w, https:\/\/zjarr.tv\/wp-content\/uploads\/2021\/05\/Untitled-design-2021-05-23T114522.005-768x644.jpg 768w, https:\/\/zjarr.tv\/wp-content\/uploads\/2021\/05\/Untitled-design-2021-05-23T114522.005-696x583.jpg 696w, https:\/\/zjarr.tv\/wp-content\/uploads\/2021\/05\/Untitled-design-2021-05-23T114522.005-501x420.jpg 501w, https:\/\/zjarr.tv\/wp-content\/uploads\/2021\/05\/Untitled-design-2021-05-23T114522.005.jpg 940w\" sizes=\"auto, (max-width: 300px) 100vw, 300px\" \/><img loading=\"lazy\" decoding=\"async\" class=\"alignnone size-medium wp-image-184062\" src=\"https:\/\/zjarr.tv\/wp-content\/uploads\/2021\/05\/Untitled-design-2021-05-23T114542.681-300x251.jpg\" alt=\"\" width=\"300\" height=\"251\" srcset=\"https:\/\/zjarr.tv\/wp-content\/uploads\/2021\/05\/Untitled-design-2021-05-23T114542.681-300x251.jpg 300w, https:\/\/zjarr.tv\/wp-content\/uploads\/2021\/05\/Untitled-design-2021-05-23T114542.681-768x644.jpg 768w, https:\/\/zjarr.tv\/wp-content\/uploads\/2021\/05\/Untitled-design-2021-05-23T114542.681-696x583.jpg 696w, https:\/\/zjarr.tv\/wp-content\/uploads\/2021\/05\/Untitled-design-2021-05-23T114542.681-501x420.jpg 501w, https:\/\/zjarr.tv\/wp-content\/uploads\/2021\/05\/Untitled-design-2021-05-23T114542.681.jpg 940w\" sizes=\"auto, (max-width: 300px) 100vw, 300px\" \/><\/p>\n","protected":false},"excerpt":{"rendered":"<p>Kreu i grupit parlamentar t\u00eb Partis\u00eb Socialiste, Taulant Balla bashk\u00eb me ministrin Blendi Klosi dhe ambasadorin e BE, Luigi Soreca k\u00ebt\u00eb t\u00eb diel\u00eb kan\u00eb vendosur ta kalojn\u00eb n\u00eb St\u00ebblev\u00eb. Balla ka postuar disa foto n\u00eb rrjetet sociale, ku shihen te tre n\u00eb bi\u00e7iklet\u00eb, teksa b\u00ebjn\u00eb xhiro n\u00eb natyr\u00eb dhe shijojn\u00eb bukurit\u00eb e St\u00ebblev\u00ebs. \u201cMir\u00ebm\u00ebngjes. Bashk\u00eb [&hellip;]<\/p>\n","protected":false},"author":2030,"featured_media":184060,"comment_status":"closed","ping_status":"closed","sticky":false,"template":"","format":"standard","meta":{"footnotes":""},"categories":[241,1454],"tags":[],"class_list":{"0":"post-184059","1":"post","2":"type-post","3":"status-publish","4":"format-standard","5":"has-post-thumbnail","7":"category-aktualitet","8":"category-politike"},"_links":{"self":[{"href":"https:\/\/zjarr.tv\/sq\/wp-json\/wp\/v2\/posts\/184059","targetHints":{"allow":["GET"]}}],"collection":[{"href":"https:\/\/zjarr.tv\/sq\/wp-json\/wp\/v2\/posts"}],"about":[{"href":"https:\/\/zjarr.tv\/sq\/wp-json\/wp\/v2\/types\/post"}],"author":[{"embeddable":true,"href":"https:\/\/zjarr.tv\/sq\/wp-json\/wp\/v2\/users\/2030"}],"replies":[{"embeddable":true,"href":"https:\/\/zjarr.tv\/sq\/wp-json\/wp\/v2\/comments?post=184059"}],"version-history":[{"count":0,"href":"https:\/\/zjarr.tv\/sq\/wp-json\/wp\/v2\/posts\/184059\/revisions"}],"wp:featuredmedia":[{"embeddable":true,"href":"https:\/\/zjarr.tv\/sq\/wp-json\/wp\/v2\/media\/184060"}],"wp:attachment":[{"href":"https:\/\/zjarr.tv\/sq\/wp-json\/wp\/v2\/media?parent=184059"}],"wp:term":[{"taxonomy":"category","embeddable":true,"href":"https:\/\/zjarr.tv\/sq\/wp-json\/wp\/v2\/categories?post=184059"},{"taxonomy":"post_tag","embeddable":true,"href":"https:\/\/zjarr.tv\/sq\/wp-json\/wp\/v2\/tags?post=184059"}],"curies":[{"name":"wp","href":"https:\/\/api.w.org\/{rel}","templated":true}]}}