{"id":184065,"date":"2021-05-23T11:56:04","date_gmt":"2021-05-23T09:56:04","guid":{"rendered":"https:\/\/zjarr.tv\/?p=184065"},"modified":"2021-05-23T11:56:04","modified_gmt":"2021-05-23T09:56:04","slug":"pjese-e-defender-21-kim-pozon-me-gjenerale-brigadieren-amerikane-e-para-grua-qe-mban-kete-post","status":"publish","type":"post","link":"https:\/\/zjarr.tv\/sq\/pjese-e-defender-21-kim-pozon-me-gjenerale-brigadieren-amerikane-e-para-grua-qe-mban-kete-post\/","title":{"rendered":"Pjes\u00eb e \u201cDefender 21\u201d, Kim pozon me Gjenerale Brigadieren Amerikane: E para grua q\u00eb mban k\u00ebt\u00eb post"},"content":{"rendered":"<p>Wanda Williams , e cila merr pjes\u00eb n\u00eb st\u00ebrvitjen \u201cDefender Europe 21\u201d, \u00ebsht\u00eb vler\u00ebsuar nga ambasadorja e SHBA-s\u00eb n\u00eb Tiran\u00eb, Yuri Kim.<\/p>\n<p>Ambasada ka postuar nj\u00eb foot ku shihet ambasadorja me Gjenerale Brigadieren Amerikane dhe shkruan se ajo \u00ebsht\u00eb gruaja e par\u00eb n\u00eb Ushtrin\u00eb Amerikan\u00eb q\u00eb mban k\u00ebt\u00eb post.<\/p>\n<p>Gjenerale Brigadierja Williams i dhuroi Ambasadores Kim nj\u00eb monedh\u00eb t\u00eb Komand\u00ebs s\u00eb saj, gjat\u00eb vizit\u00ebs s\u00eb Ambasadores n\u00eb Zon\u00ebn e St\u00ebrvitjes s\u00eb Biz\u00ebs, ku trupat amerikane dhe shqiptare po punojn\u00eb s\u00eb bashku gjat\u00eb \u201cDefender Europe21\u201d.<\/p>\n<p>\u201c<em>Ambasadorja Yuri Kim pozon me Gjenerale Brigadieren Amerikane Wanda Williams, Gjenerale Komanduese, nga Komanda e 7-t\u00eb e Misionit Mb\u00ebshtet\u00ebs, e cila \u00ebsht\u00eb gruaja e par\u00eb n\u00eb Ushtrin\u00eb Amerikane q\u00eb mban postin e saj. Gjenerale Brigadierja Williams i dhuroi Ambasadores Kim nj\u00eb monedh\u00eb t\u00eb Komand\u00ebs s\u00eb saj, gjat\u00eb vizit\u00ebs s\u00eb Ambasadores n\u00eb Zon\u00ebn e St\u00ebrvitjes s\u00eb Biz\u00ebs, ku trupat amerikane dhe shqiptare po jetojn\u00eb dhe punojn\u00eb s\u00eb bashku gjat\u00eb #DefenderEurope21, st\u00ebrvitjes m\u00eb e madhe ushtarake n\u00eb Ballkanin Per\u00ebndimor e cila po zhvillohet n\u00eb t\u00eb gjith\u00eb Shqip\u00ebrin\u00eb. #KrahPerKrah\u201d<\/em> shkruan ambasada n\u00eb krah t\u00eb postimit.<\/p>\n","protected":false},"excerpt":{"rendered":"<p>Wanda Williams , e cila merr pjes\u00eb n\u00eb st\u00ebrvitjen \u201cDefender Europe 21\u201d, \u00ebsht\u00eb vler\u00ebsuar nga ambasadorja e SHBA-s\u00eb n\u00eb Tiran\u00eb, Yuri Kim. Ambasada ka postuar nj\u00eb foot ku shihet ambasadorja me Gjenerale Brigadieren Amerikane dhe shkruan se ajo \u00ebsht\u00eb gruaja e par\u00eb n\u00eb Ushtrin\u00eb Amerikan\u00eb q\u00eb mban k\u00ebt\u00eb post. Gjenerale Brigadierja Williams i dhuroi Ambasadores [&hellip;]<\/p>\n","protected":false},"author":2030,"featured_media":184066,"comment_status":"closed","ping_status":"closed","sticky":false,"template":"","format":"standard","meta":{"footnotes":""},"categories":[241],"tags":[],"class_list":{"0":"post-184065","1":"post","2":"type-post","3":"status-publish","4":"format-standard","5":"has-post-thumbnail","7":"category-aktualitet"},"_links":{"self":[{"href":"https:\/\/zjarr.tv\/sq\/wp-json\/wp\/v2\/posts\/184065","targetHints":{"allow":["GET"]}}],"collection":[{"href":"https:\/\/zjarr.tv\/sq\/wp-json\/wp\/v2\/posts"}],"about":[{"href":"https:\/\/zjarr.tv\/sq\/wp-json\/wp\/v2\/types\/post"}],"author":[{"embeddable":true,"href":"https:\/\/zjarr.tv\/sq\/wp-json\/wp\/v2\/users\/2030"}],"replies":[{"embeddable":true,"href":"https:\/\/zjarr.tv\/sq\/wp-json\/wp\/v2\/comments?post=184065"}],"version-history":[{"count":0,"href":"https:\/\/zjarr.tv\/sq\/wp-json\/wp\/v2\/posts\/184065\/revisions"}],"wp:featuredmedia":[{"embeddable":true,"href":"https:\/\/zjarr.tv\/sq\/wp-json\/wp\/v2\/media\/184066"}],"wp:attachment":[{"href":"https:\/\/zjarr.tv\/sq\/wp-json\/wp\/v2\/media?parent=184065"}],"wp:term":[{"taxonomy":"category","embeddable":true,"href":"https:\/\/zjarr.tv\/sq\/wp-json\/wp\/v2\/categories?post=184065"},{"taxonomy":"post_tag","embeddable":true,"href":"https:\/\/zjarr.tv\/sq\/wp-json\/wp\/v2\/tags?post=184065"}],"curies":[{"name":"wp","href":"https:\/\/api.w.org\/{rel}","templated":true}]}}