{"id":184069,"date":"2021-05-23T12:07:08","date_gmt":"2021-05-23T10:07:08","guid":{"rendered":"https:\/\/zjarr.tv\/?p=184069"},"modified":"2021-05-23T12:07:08","modified_gmt":"2021-05-23T10:07:08","slug":"grabitesit-nuk-kursejne-as-kultet-fetare-hajdutet-hyjne-ne-kishen-e-shen-gjergjit-dhe-marrin-nje-shume-parash","status":"publish","type":"post","link":"https:\/\/zjarr.tv\/sq\/grabitesit-nuk-kursejne-as-kultet-fetare-hajdutet-hyjne-ne-kishen-e-shen-gjergjit-dhe-marrin-nje-shume-parash\/","title":{"rendered":"Grabit\u00ebsit nuk kursejn\u00eb as kultet fetare, hajdut\u00ebt hyjn\u00eb n\u00eb Kish\u00ebn e Sh\u00ebn Gjergjit dhe marrin nj\u00eb shum\u00eb parash"},"content":{"rendered":"<p style=\"background: white; margin: 0in 0in 19.5pt 0in;\">Kisha e Sh\u00ebn Gjergjit n\u00eb Libofsh\u00eb ka r\u00ebn\u00eb pre e nj\u00eb grabitje.<\/p>\n<p style=\"background: white; -webkit-tap-highlight-color: transparent !important; box-sizing: border-box; overflow-wrap: break-word; font-variant-ligatures: normal; font-variant-caps: normal; orphans: 2; widows: 2; -webkit-text-stroke-width: 0px; text-decoration-thickness: initial; text-decoration-style: initial; text-decoration-color: initial; word-spacing: 0px; margin: 0in 0in 19.5pt 0in;\">B\u00ebhet me dije se n\u00eb Kish\u00eb autor\u00ebt kan\u00eb marr\u00eb 2000 mij\u00eb lek\u00eb. M\u00ebsohet se autor\u00ebt kan\u00eb thyer drynin ark\u00ebs s\u00eb qirnjve dhe kan\u00eb marr\u00eb lek\u00ebt q\u00eb ndodheshin brenda.<\/p>\n<p style=\"background: white; -webkit-tap-highlight-color: transparent !important; box-sizing: border-box; overflow-wrap: break-word; font-variant-ligatures: normal; font-variant-caps: normal; orphans: 2; widows: 2; -webkit-text-stroke-width: 0px; text-decoration-thickness: initial; text-decoration-style: initial; text-decoration-color: initial; word-spacing: 0px; margin: 0in 0in 19.5pt 0in;\">Gjithashtu, n\u00eb fshatin Vanaj, dyshohet se po t\u00eb nj\u00ebjt\u00ebt autor\u00eb kan\u00eb hapur der\u00ebn e Kish\u00ebs s\u00eb Sh\u00ebn Nikoll\u00ebs por nuk kan\u00eb arritur t\u00eb marin gj\u00eb.<\/p>\n<p style=\"background: white; -webkit-tap-highlight-color: transparent !important; box-sizing: border-box; overflow-wrap: break-word; font-variant-ligatures: normal; font-variant-caps: normal; orphans: 2; widows: 2; -webkit-text-stroke-width: 0px; text-decoration-thickness: initial; text-decoration-style: initial; text-decoration-color: initial; word-spacing: 0px; margin: 0in 0in 19.5pt 0in;\">Policia po punon p\u00ebr identifikin e autor\u00ebve.<\/p>\n<p style=\"background: white; -webkit-tap-highlight-color: transparent !important; box-sizing: border-box; overflow-wrap: break-word; font-variant-ligatures: normal; font-variant-caps: normal; orphans: 2; widows: 2; -webkit-text-stroke-width: 0px; text-decoration-thickness: initial; text-decoration-style: initial; text-decoration-color: initial; word-spacing: 0px; margin: 0in 0in 19.5pt 0in;\"><em>\u201cM\u00eb dat\u00eb 22.05.2021 u referuan materialet n\u00eb Prokuroris\u00eb pran\u00eb Gjykat\u00ebs s\u00eb Shkall\u00ebs s\u00eb Par\u00eb Fier dhe po punohet p\u00ebr identifikimin dhe kapjen e autor\u00ebve pasi gjat\u00eb nat\u00ebs, persona t\u00eb paidentifikuar kan\u00eb hyr\u00eb n\u00eb Kish\u00ebn e Sh\u00ebn Gjergjit n\u00eb fshatin Libofsh\u00eb dhe duke thyer drynin e ark\u00ebs s\u00eb qirinjve, kan\u00eb marr\u00eb rreth 2000 lek\u00eb t\u00eb reja.<\/em><\/p>\n<p style=\"background: white; -webkit-tap-highlight-color: transparent !important; box-sizing: border-box; overflow-wrap: break-word; font-variant-ligatures: normal; font-variant-caps: normal; orphans: 2; widows: 2; -webkit-text-stroke-width: 0px; text-decoration-thickness: initial; text-decoration-style: initial; text-decoration-color: initial; word-spacing: 0px; margin: 0in 0in 19.5pt 0in;\"><em>Gjithashtu, n\u00eb fshatin Vanaj, dyshohet se po t\u00eb nj\u00ebjt\u00ebt autor\u00eb kan\u00eb hapur der\u00ebn e Kish\u00ebs s\u00eb Sh\u00ebn Nikoll\u00ebs por nuk kan\u00eb arritur t\u00eb marin gj\u00eb<\/em>,\u201d njofton policia.<\/p>\n","protected":false},"excerpt":{"rendered":"<p>Kisha e Sh\u00ebn Gjergjit n\u00eb Libofsh\u00eb ka r\u00ebn\u00eb pre e nj\u00eb grabitje. B\u00ebhet me dije se n\u00eb Kish\u00eb autor\u00ebt kan\u00eb marr\u00eb 2000 mij\u00eb lek\u00eb. M\u00ebsohet se autor\u00ebt kan\u00eb thyer drynin ark\u00ebs s\u00eb qirnjve dhe kan\u00eb marr\u00eb lek\u00ebt q\u00eb ndodheshin brenda. Gjithashtu, n\u00eb fshatin Vanaj, dyshohet se po t\u00eb nj\u00ebjt\u00ebt autor\u00eb kan\u00eb hapur der\u00ebn e Kish\u00ebs [&hellip;]<\/p>\n","protected":false},"author":2030,"featured_media":184070,"comment_status":"closed","ping_status":"closed","sticky":false,"template":"","format":"standard","meta":{"footnotes":""},"categories":[241],"tags":[],"class_list":{"0":"post-184069","1":"post","2":"type-post","3":"status-publish","4":"format-standard","5":"has-post-thumbnail","7":"category-aktualitet"},"_links":{"self":[{"href":"https:\/\/zjarr.tv\/sq\/wp-json\/wp\/v2\/posts\/184069","targetHints":{"allow":["GET"]}}],"collection":[{"href":"https:\/\/zjarr.tv\/sq\/wp-json\/wp\/v2\/posts"}],"about":[{"href":"https:\/\/zjarr.tv\/sq\/wp-json\/wp\/v2\/types\/post"}],"author":[{"embeddable":true,"href":"https:\/\/zjarr.tv\/sq\/wp-json\/wp\/v2\/users\/2030"}],"replies":[{"embeddable":true,"href":"https:\/\/zjarr.tv\/sq\/wp-json\/wp\/v2\/comments?post=184069"}],"version-history":[{"count":0,"href":"https:\/\/zjarr.tv\/sq\/wp-json\/wp\/v2\/posts\/184069\/revisions"}],"wp:featuredmedia":[{"embeddable":true,"href":"https:\/\/zjarr.tv\/sq\/wp-json\/wp\/v2\/media\/184070"}],"wp:attachment":[{"href":"https:\/\/zjarr.tv\/sq\/wp-json\/wp\/v2\/media?parent=184069"}],"wp:term":[{"taxonomy":"category","embeddable":true,"href":"https:\/\/zjarr.tv\/sq\/wp-json\/wp\/v2\/categories?post=184069"},{"taxonomy":"post_tag","embeddable":true,"href":"https:\/\/zjarr.tv\/sq\/wp-json\/wp\/v2\/tags?post=184069"}],"curies":[{"name":"wp","href":"https:\/\/api.w.org\/{rel}","templated":true}]}}