{"id":184081,"date":"2021-05-23T12:35:13","date_gmt":"2021-05-23T10:35:13","guid":{"rendered":"https:\/\/zjarr.tv\/?p=184081"},"modified":"2021-05-23T12:35:13","modified_gmt":"2021-05-23T10:35:13","slug":"pas-perplasjeve-meta-dhe-yuri-kim-i-japin-doren-njeri-tjetrin","status":"publish","type":"post","link":"https:\/\/zjarr.tv\/sq\/pas-perplasjeve-meta-dhe-yuri-kim-i-japin-doren-njeri-tjetrin\/","title":{"rendered":"Pas p\u00ebrplasjeve, Meta dhe Yuri Kim i japin dor\u00ebn nj\u00ebri-tjetrin"},"content":{"rendered":"<p><strong>\u00a0<\/strong>\u201cDefender Europe 21\u201d dit\u00ebn e sotme ka zbarkuar n\u00eb Tiran\u00eb, ku pati surpriza n\u00eb tok\u00eb dhe n\u00eb aj\u00ebr n\u00eb sheshin \u201cN\u00ebn\u00eb Tereza\u201d.<\/p>\n<p>Ky event b\u00ebri bashk\u00eb presidentin Ilir Meta, kryeministrin Edi Rama dhe ambasadoren Yuri Kim. Por ajo q\u00eb nuk u pa me nisjen e st\u00ebrvitjes ushtarake \u00ebsht\u00eb p\u00ebrsh\u00ebndetja e Met\u00ebs me ambasadoren Kim.<\/p>\n<p>Edhe pse ka pasur p\u00ebrplasje mes tyre para zgjedhjeve t\u00eb 25 prillit, dit\u00ebn e sotme nuk ka munguar p\u00ebrsh\u00ebndetja e pal\u00ebve.\u00a0 Para nisjes s\u00eb st\u00ebrvitjes ushtareke Meta dhe Kim jan\u00eb p\u00ebrsh\u00ebndetur dhe i kan\u00eb dh\u00ebn\u00eb duart nj\u00ebri-tjetrit, t\u00eb buz\u00ebqeshur.<\/p>\n","protected":false},"excerpt":{"rendered":"<p>\u00a0\u201cDefender Europe 21\u201d dit\u00ebn e sotme ka zbarkuar n\u00eb Tiran\u00eb, ku pati surpriza n\u00eb tok\u00eb dhe n\u00eb aj\u00ebr n\u00eb sheshin \u201cN\u00ebn\u00eb Tereza\u201d. Ky event b\u00ebri bashk\u00eb presidentin Ilir Meta, kryeministrin Edi Rama dhe ambasadoren Yuri Kim. Por ajo q\u00eb nuk u pa me nisjen e st\u00ebrvitjes ushtarake \u00ebsht\u00eb p\u00ebrsh\u00ebndetja e Met\u00ebs me ambasadoren Kim. Edhe [&hellip;]<\/p>\n","protected":false},"author":2030,"featured_media":184082,"comment_status":"closed","ping_status":"closed","sticky":false,"template":"","format":"standard","meta":{"footnotes":""},"categories":[241,1454],"tags":[],"class_list":{"0":"post-184081","1":"post","2":"type-post","3":"status-publish","4":"format-standard","5":"has-post-thumbnail","7":"category-aktualitet","8":"category-politike"},"_links":{"self":[{"href":"https:\/\/zjarr.tv\/sq\/wp-json\/wp\/v2\/posts\/184081","targetHints":{"allow":["GET"]}}],"collection":[{"href":"https:\/\/zjarr.tv\/sq\/wp-json\/wp\/v2\/posts"}],"about":[{"href":"https:\/\/zjarr.tv\/sq\/wp-json\/wp\/v2\/types\/post"}],"author":[{"embeddable":true,"href":"https:\/\/zjarr.tv\/sq\/wp-json\/wp\/v2\/users\/2030"}],"replies":[{"embeddable":true,"href":"https:\/\/zjarr.tv\/sq\/wp-json\/wp\/v2\/comments?post=184081"}],"version-history":[{"count":0,"href":"https:\/\/zjarr.tv\/sq\/wp-json\/wp\/v2\/posts\/184081\/revisions"}],"wp:featuredmedia":[{"embeddable":true,"href":"https:\/\/zjarr.tv\/sq\/wp-json\/wp\/v2\/media\/184082"}],"wp:attachment":[{"href":"https:\/\/zjarr.tv\/sq\/wp-json\/wp\/v2\/media?parent=184081"}],"wp:term":[{"taxonomy":"category","embeddable":true,"href":"https:\/\/zjarr.tv\/sq\/wp-json\/wp\/v2\/categories?post=184081"},{"taxonomy":"post_tag","embeddable":true,"href":"https:\/\/zjarr.tv\/sq\/wp-json\/wp\/v2\/tags?post=184081"}],"curies":[{"name":"wp","href":"https:\/\/api.w.org\/{rel}","templated":true}]}}