{"id":184105,"date":"2021-05-23T14:17:05","date_gmt":"2021-05-23T12:17:05","guid":{"rendered":"https:\/\/zjarr.tv\/?p=184105"},"modified":"2021-05-23T14:17:05","modified_gmt":"2021-05-23T12:17:05","slug":"pas-olta-xhackes-ministrat-e-be-se-takojne-ilir-meten-ja-cfare-biseduan-me-presidentin","status":"publish","type":"post","link":"https:\/\/zjarr.tv\/sq\/pas-olta-xhackes-ministrat-e-be-se-takojne-ilir-meten-ja-cfare-biseduan-me-presidentin\/","title":{"rendered":"Pas Olta Xha\u00e7k\u00ebs, ministrat e BE-s\u00eb takojn\u00eb Ilir Met\u00ebn, ja \u00e7far\u00eb biseduan me presidentin"},"content":{"rendered":"<p style=\"background: white; margin: 0in 0in 19.5pt 0in;\">Presidenti Ilir Meta ka takuar p\u00ebrfaq\u00ebsuesit e vendeve t\u00eb \u201cGrupi C5\u201d t\u00eb kryesuar nga Ministri i Jasht\u00ebm i Sllovenis\u00eb, z.Anze Logar, q\u00eb do t\u00eb kryesoj\u00eb Presidenc\u00ebn e radh\u00ebs s\u00eb Bashkimit Europian, q\u00eb nga korriku 2021.<\/p>\n<p style=\"background: white; -webkit-tap-highlight-color: transparent !important; box-sizing: border-box; overflow-wrap: break-word; font-variant-ligatures: normal; font-variant-caps: normal; orphans: 2; widows: 2; -webkit-text-stroke-width: 0px; text-decoration-thickness: initial; text-decoration-style: initial; text-decoration-color: initial; word-spacing: 0px; margin: 0in 0in 19.5pt 0in;\">P\u00ebrmes nj\u00eb postimi n\u00eb rrjetet sociale, Meta thot\u00eb se i falenderoi p\u00ebr mb\u00ebshtetjen e vazhdueshme q\u00eb i japin Shqip\u00ebris\u00eb p\u00ebr an\u00ebtar\u00ebsimin n\u00eb Bashkimin Evropian.<\/p>\n<p style=\"background: white; -webkit-tap-highlight-color: transparent !important; box-sizing: border-box; overflow-wrap: break-word; font-variant-ligatures: normal; font-variant-caps: normal; orphans: 2; widows: 2; -webkit-text-stroke-width: 0px; text-decoration-thickness: initial; text-decoration-style: initial; text-decoration-color: initial; word-spacing: 0px; margin: 0in 0in 19.5pt 0in;\">Meta tha se gjat\u00eb takimit ka n\u00ebnvij\u00ebzuar r\u00ebnd\u00ebsin\u00eb q\u00eb ka \u00e7elja e negociatave t\u00eb an\u00ebtar\u00ebsimit t\u00eb Shqip\u00ebris\u00eb dhe p\u00ebrparimi me shpejt\u00ebsi n\u00eb k\u00ebt\u00eb proces.<\/p>\n<p style=\"background: white; -webkit-tap-highlight-color: transparent !important; box-sizing: border-box; overflow-wrap: break-word; font-variant-ligatures: normal; font-variant-caps: normal; orphans: 2; widows: 2; -webkit-text-stroke-width: 0px; text-decoration-thickness: initial; text-decoration-style: initial; text-decoration-color: initial; word-spacing: 0px; margin: 0in 0in 19.5pt 0in;\"><strong style=\"-webkit-tap-highlight-color: transparent !important; box-sizing: border-box;\">Postimi i plot\u00eb:<\/strong><\/p>\n<p style=\"background: white; -webkit-tap-highlight-color: transparent !important; box-sizing: border-box; overflow-wrap: break-word; font-variant-ligatures: normal; font-variant-caps: normal; orphans: 2; widows: 2; -webkit-text-stroke-width: 0px; text-decoration-thickness: initial; text-decoration-style: initial; text-decoration-color: initial; word-spacing: 0px; margin: 0in 0in 19.5pt 0in;\">K\u00ebnaq\u00ebsi t\u00eb takohesha me p\u00ebrfaq\u00ebsuesit e vendeve t\u00eb \u201cGrupi C5\u201d t\u00eb kryesuar nga Ministri i Jasht\u00ebm i Sllovenis\u00eb, z.Anze Logar, q\u00eb do t\u00eb kryesoj\u00eb Presidenc\u00ebn e radh\u00ebs s\u00eb Bashkimit Europian, q\u00eb nga korriku 2021.<\/p>\n<p style=\"background: white; -webkit-tap-highlight-color: transparent !important; box-sizing: border-box; overflow-wrap: break-word; font-variant-ligatures: normal; font-variant-caps: normal; orphans: 2; widows: 2; -webkit-text-stroke-width: 0px; text-decoration-thickness: initial; text-decoration-style: initial; text-decoration-color: initial; word-spacing: 0px; margin: 0in 0in 19.5pt 0in;\">Vler\u00ebsova miq\u00ebsin\u00eb tradicionale mes k\u00ebtyre vendeve dhe Shqip\u00ebris\u00eb duke i fal\u00ebnderuar ve\u00e7an\u00ebrisht p\u00ebr ndihm\u00ebn dhe mb\u00ebshtetjen miq\u00ebsore dhe t\u00eb vazhdueshme, q\u00eb i japin Shqip\u00ebris\u00eb n\u00eb procesin e integrimit europian.<\/p>\n<p style=\"background: white; -webkit-tap-highlight-color: transparent !important; box-sizing: border-box; overflow-wrap: break-word; font-variant-ligatures: normal; font-variant-caps: normal; orphans: 2; widows: 2; -webkit-text-stroke-width: 0px; text-decoration-thickness: initial; text-decoration-style: initial; text-decoration-color: initial; word-spacing: 0px; margin: 0in 0in 19.5pt 0in;\">Duke vler\u00ebsuar Presidenc\u00ebn e ardhshme sllovene t\u00eb BE-s\u00eb si mund\u00ebsi t\u00eb favorshme p\u00ebr vendin ton\u00eb dhe p\u00ebr t\u00eb gjith\u00eb rajonin, n\u00ebnvizova r\u00ebnd\u00ebsin\u00eb, q\u00eb ka \u00e7elja e negociatave t\u00eb an\u00ebtar\u00ebsimit t\u00eb Shqip\u00ebris\u00eb dhe p\u00ebrparimi me shpejt\u00ebsi n\u00eb k\u00ebt\u00eb proces.<\/p>\n<p style=\"background: white; -webkit-tap-highlight-color: transparent !important; box-sizing: border-box; overflow-wrap: break-word; font-variant-ligatures: normal; font-variant-caps: normal; orphans: 2; widows: 2; -webkit-text-stroke-width: 0px; text-decoration-thickness: initial; text-decoration-style: initial; text-decoration-color: initial; word-spacing: 0px; margin: 0in 0in 19.5pt 0in;\">Duke uruar, q\u00eb t\u00eb gjitha p\u00ebrpjekjet e p\u00ebrbashk\u00ebta si p\u00ebr zbatimin e reformave ashtu edhe p\u00ebr nj\u00eb vendimmarrje pozitive europiane t\u00eb korrin sukses t\u00eb shpejt\u00eb, i fal\u00ebnderova edhe nj\u00eb her\u00eb t\u00eb tria vendet p\u00ebr mb\u00ebshtetjen e sinqert\u00eb dhe k\u00ebmb\u00ebngul\u00ebse.<\/p>\n<p style=\"background: white; margin: 0in 0in 19.5pt 0in;\">\n","protected":false},"excerpt":{"rendered":"<p>Presidenti Ilir Meta ka takuar p\u00ebrfaq\u00ebsuesit e vendeve t\u00eb \u201cGrupi C5\u201d t\u00eb kryesuar nga Ministri i Jasht\u00ebm i Sllovenis\u00eb, z.Anze Logar, q\u00eb do t\u00eb kryesoj\u00eb Presidenc\u00ebn e radh\u00ebs s\u00eb Bashkimit Europian, q\u00eb nga korriku 2021. P\u00ebrmes nj\u00eb postimi n\u00eb rrjetet sociale, Meta thot\u00eb se i falenderoi p\u00ebr mb\u00ebshtetjen e vazhdueshme q\u00eb i japin Shqip\u00ebris\u00eb p\u00ebr [&hellip;]<\/p>\n","protected":false},"author":2030,"featured_media":184106,"comment_status":"closed","ping_status":"closed","sticky":false,"template":"","format":"standard","meta":{"footnotes":""},"categories":[241,1454],"tags":[],"class_list":{"0":"post-184105","1":"post","2":"type-post","3":"status-publish","4":"format-standard","5":"has-post-thumbnail","7":"category-aktualitet","8":"category-politike"},"_links":{"self":[{"href":"https:\/\/zjarr.tv\/sq\/wp-json\/wp\/v2\/posts\/184105","targetHints":{"allow":["GET"]}}],"collection":[{"href":"https:\/\/zjarr.tv\/sq\/wp-json\/wp\/v2\/posts"}],"about":[{"href":"https:\/\/zjarr.tv\/sq\/wp-json\/wp\/v2\/types\/post"}],"author":[{"embeddable":true,"href":"https:\/\/zjarr.tv\/sq\/wp-json\/wp\/v2\/users\/2030"}],"replies":[{"embeddable":true,"href":"https:\/\/zjarr.tv\/sq\/wp-json\/wp\/v2\/comments?post=184105"}],"version-history":[{"count":0,"href":"https:\/\/zjarr.tv\/sq\/wp-json\/wp\/v2\/posts\/184105\/revisions"}],"wp:featuredmedia":[{"embeddable":true,"href":"https:\/\/zjarr.tv\/sq\/wp-json\/wp\/v2\/media\/184106"}],"wp:attachment":[{"href":"https:\/\/zjarr.tv\/sq\/wp-json\/wp\/v2\/media?parent=184105"}],"wp:term":[{"taxonomy":"category","embeddable":true,"href":"https:\/\/zjarr.tv\/sq\/wp-json\/wp\/v2\/categories?post=184105"},{"taxonomy":"post_tag","embeddable":true,"href":"https:\/\/zjarr.tv\/sq\/wp-json\/wp\/v2\/tags?post=184105"}],"curies":[{"name":"wp","href":"https:\/\/api.w.org\/{rel}","templated":true}]}}