{"id":184113,"date":"2021-05-23T16:32:50","date_gmt":"2021-05-23T14:32:50","guid":{"rendered":"https:\/\/zjarr.tv\/?p=184113"},"modified":"2021-05-23T16:32:50","modified_gmt":"2021-05-23T14:32:50","slug":"abuzimi-i-te-miturve-reagon-kreu-i-komunitetit-mysliman-raste-te-tilla-duhet-te-denohen-pa-medyshjen-me-te-vogel-nga-secili-prej-nesh","status":"publish","type":"post","link":"https:\/\/zjarr.tv\/sq\/abuzimi-i-te-miturve-reagon-kreu-i-komunitetit-mysliman-raste-te-tilla-duhet-te-denohen-pa-medyshjen-me-te-vogel-nga-secili-prej-nesh\/","title":{"rendered":"Abuzimi i t\u00eb miturve, reagon Kreu i Komunitetit Mysliman: Raste t\u00eb tilla duhet t\u00eb d\u00ebnohen pa m\u00ebdyshjen m\u00eb t\u00eb vog\u00ebl nga secili prej nesh"},"content":{"rendered":"<p style=\"background: white; margin: 0in 0in 19.5pt 0in;\">Kreu i Komunitetit Mysliman t\u00eb Shqip\u00ebris\u00eb, Bujar Spahiu, ka d\u00ebnuar ashp\u00ebr rastin e abuzimit t\u00eb s\u00eb mitur\u00ebs n\u00eb Mirdit\u00eb.<\/p>\n<p style=\"background: white; -webkit-tap-highlight-color: transparent !important; box-sizing: border-box; overflow-wrap: break-word; font-variant-ligatures: normal; font-variant-caps: normal; orphans: 2; widows: 2; -webkit-text-stroke-width: 0px; text-decoration-thickness: initial; text-decoration-style: initial; text-decoration-color: initial; word-spacing: 0px; margin: 0in 0in 19.5pt 0in;\">Sipas Spahiut, kjo ngjarje ishte trondit\u00ebse dhe p\u00ebrve\u00e7 organeve kompetente t\u00eb gjith\u00eb qytetar\u00ebt duhet t\u00eb d\u00ebnojn\u00eb k\u00ebto raste pa m\u00ebdyshjen m\u00eb t\u00eb vog\u00ebl.<\/p>\n<p style=\"background: white; -webkit-tap-highlight-color: transparent !important; box-sizing: border-box; overflow-wrap: break-word; font-variant-ligatures: normal; font-variant-caps: normal; orphans: 2; widows: 2; -webkit-text-stroke-width: 0px; text-decoration-thickness: initial; text-decoration-style: initial; text-decoration-color: initial; word-spacing: 0px; margin: 0in 0in 19.5pt 0in;\"><em>\u201c\u00cbsht\u00eb i papranuesh\u00ebm \u00e7do rast abuzimi ndaj gruas, gjysm\u00ebs m\u00eb t\u00eb mir\u00eb t\u00eb shoq\u00ebris\u00eb njer\u00ebzore.<\/em><\/p>\n<p style=\"background: white; -webkit-tap-highlight-color: transparent !important; box-sizing: border-box; overflow-wrap: break-word; font-variant-ligatures: normal; font-variant-caps: normal; orphans: 2; widows: 2; -webkit-text-stroke-width: 0px; text-decoration-thickness: initial; text-decoration-style: initial; text-decoration-color: initial; word-spacing: 0px; margin: 0in 0in 19.5pt 0in;\"><em>Rasti m\u00eb i fundit i abuzimit me t\u00eb mitur\u00ebn n\u00eb Mirdit\u00eb \u00ebsht\u00eb trondit\u00ebs.<\/em><\/p>\n<p style=\"background: white; -webkit-tap-highlight-color: transparent !important; box-sizing: border-box; overflow-wrap: break-word; font-variant-ligatures: normal; font-variant-caps: normal; orphans: 2; widows: 2; -webkit-text-stroke-width: 0px; text-decoration-thickness: initial; text-decoration-style: initial; text-decoration-color: initial; word-spacing: 0px; margin: 0in 0in 19.5pt 0in;\"><em>P\u00ebrve\u00e7 reagimit t\u00eb organeve kompetente, q\u00eb duhet t\u00eb jet\u00eb reagim i shpejt\u00eb dhe shembullor , i atill\u00eb duhet t\u00eb jet\u00eb edhe reagimi i mbar\u00eb shoq\u00ebris\u00eb.<\/em><\/p>\n<p style=\"background: white; -webkit-tap-highlight-color: transparent !important; box-sizing: border-box; overflow-wrap: break-word; font-variant-ligatures: normal; font-variant-caps: normal; orphans: 2; widows: 2; -webkit-text-stroke-width: 0px; text-decoration-thickness: initial; text-decoration-style: initial; text-decoration-color: initial; word-spacing: 0px; margin: 0in 0in 19.5pt 0in;\"><em>Raste t\u00eb tilla duhen d\u00ebnuar pa m\u00ebdyshjen m\u00eb t\u00eb vog\u00ebl nga secili prej nesh, e kemi detyrim t\u00eb reagojm\u00eb ndaj s\u00eb keqes n\u00eb \u00e7do form\u00eb q\u00eb ajo shfaqet\u201d<\/em>, shkruan Spahiu.<\/p>\n<p style=\"background: white; -webkit-tap-highlight-color: transparent !important; box-sizing: border-box; overflow-wrap: break-word; font-variant-ligatures: normal; font-variant-caps: normal; orphans: 2; widows: 2; -webkit-text-stroke-width: 0px; text-decoration-thickness: initial; text-decoration-style: initial; text-decoration-color: initial; word-spacing: 0px; margin: 0in 0in 19.5pt 0in;\">Kujtojm\u00eb se dit\u00ebn e sotme n\u00eb Tiran\u00eb u zhvilluan protesta, teksa dhjet\u00ebra gra me pankarta n\u00eb duar d\u00ebnuan ashp\u00ebr dhe i b\u00ebn\u00eb thirrje autoriteteve q\u00eb t\u00eb marrin masat e nevojshm\u00eb p\u00ebr parandalimin e k\u00ebtyre rasteve.<\/p>\n","protected":false},"excerpt":{"rendered":"<p>Kreu i Komunitetit Mysliman t\u00eb Shqip\u00ebris\u00eb, Bujar Spahiu, ka d\u00ebnuar ashp\u00ebr rastin e abuzimit t\u00eb s\u00eb mitur\u00ebs n\u00eb Mirdit\u00eb. Sipas Spahiut, kjo ngjarje ishte trondit\u00ebse dhe p\u00ebrve\u00e7 organeve kompetente t\u00eb gjith\u00eb qytetar\u00ebt duhet t\u00eb d\u00ebnojn\u00eb k\u00ebto raste pa m\u00ebdyshjen m\u00eb t\u00eb vog\u00ebl. \u201c\u00cbsht\u00eb i papranuesh\u00ebm \u00e7do rast abuzimi ndaj gruas, gjysm\u00ebs m\u00eb t\u00eb mir\u00eb t\u00eb [&hellip;]<\/p>\n","protected":false},"author":2030,"featured_media":184114,"comment_status":"closed","ping_status":"closed","sticky":false,"template":"","format":"standard","meta":{"footnotes":""},"categories":[241,364],"tags":[],"class_list":{"0":"post-184113","1":"post","2":"type-post","3":"status-publish","4":"format-standard","5":"has-post-thumbnail","7":"category-aktualitet","8":"category-koment-opinion"},"_links":{"self":[{"href":"https:\/\/zjarr.tv\/sq\/wp-json\/wp\/v2\/posts\/184113","targetHints":{"allow":["GET"]}}],"collection":[{"href":"https:\/\/zjarr.tv\/sq\/wp-json\/wp\/v2\/posts"}],"about":[{"href":"https:\/\/zjarr.tv\/sq\/wp-json\/wp\/v2\/types\/post"}],"author":[{"embeddable":true,"href":"https:\/\/zjarr.tv\/sq\/wp-json\/wp\/v2\/users\/2030"}],"replies":[{"embeddable":true,"href":"https:\/\/zjarr.tv\/sq\/wp-json\/wp\/v2\/comments?post=184113"}],"version-history":[{"count":0,"href":"https:\/\/zjarr.tv\/sq\/wp-json\/wp\/v2\/posts\/184113\/revisions"}],"wp:featuredmedia":[{"embeddable":true,"href":"https:\/\/zjarr.tv\/sq\/wp-json\/wp\/v2\/media\/184114"}],"wp:attachment":[{"href":"https:\/\/zjarr.tv\/sq\/wp-json\/wp\/v2\/media?parent=184113"}],"wp:term":[{"taxonomy":"category","embeddable":true,"href":"https:\/\/zjarr.tv\/sq\/wp-json\/wp\/v2\/categories?post=184113"},{"taxonomy":"post_tag","embeddable":true,"href":"https:\/\/zjarr.tv\/sq\/wp-json\/wp\/v2\/tags?post=184113"}],"curies":[{"name":"wp","href":"https:\/\/api.w.org\/{rel}","templated":true}]}}