{"id":184135,"date":"2021-05-23T17:44:04","date_gmt":"2021-05-23T15:44:04","guid":{"rendered":"https:\/\/zjarr.tv\/?p=184135"},"modified":"2021-05-23T17:44:04","modified_gmt":"2021-05-23T15:44:04","slug":"mblidhet-sot-kryesia-e-pd-pritet-zyrtarizimi-i-9-kandidaturave-per-kryetar-partie","status":"publish","type":"post","link":"https:\/\/zjarr.tv\/sq\/mblidhet-sot-kryesia-e-pd-pritet-zyrtarizimi-i-9-kandidaturave-per-kryetar-partie\/","title":{"rendered":"Mblidhet sot Kryesia e PD, pritet zyrtarizimi i 9 kandidaturave p\u00ebr kryetar partie"},"content":{"rendered":"<p>Dit\u00ebn e sotme pritet t\u00eb mblidhet Kryesia e Partis\u00eb Demokratike, p\u00ebr t\u00eb b\u00ebr\u00eb zyrtarizimin dhe konfirmimin e kandidaturave t\u00eb dor\u00ebzuara p\u00ebr kryetar partie.<\/p>\n<p>Deri m\u00eb tani jan\u00eb 5 kandidatura t\u00eb b\u00ebra zyrtare. Por n\u00eb fakt burimet b\u00ebjn\u00eb me dije se jan\u00eb 9 persona t\u00eb cil\u00ebt kan\u00eb dor\u00ebzuar formularin p\u00ebr t\u00eb kandiduar p\u00ebr postin e kryetarit t\u00eb partis\u00eb .<\/p>\n<p>Nd\u00ebrkoh\u00eb q\u00eb grupi p\u00ebr PD-n\u00eb prej disa dit\u00ebsh kan\u00eb shpallur kandidaturat e tyre si pak\u00ebnaq\u00ebsi ndaj drejtimit q\u00eb i \u00ebsht\u00eb b\u00ebr\u00eb derim\u00eb tani partis\u00eb Demokraike.<\/p>\n<p>Nj\u00eb tjet\u00ebr an\u00ebtar i kryesis\u00eb, Fatbardh Kadilli ka dor\u00ebzuar kandidatur\u00ebn e tij, dhe ka ftuar kryetarin aktual Lulzim Basha n\u00eb nj\u00eb debat publik n\u00eb 3 qytete si Shkodra, Tirana dhe Vlora.<\/p>\n<p>Mbledhja e Kryesis\u00eb pritet t\u00eb jet\u00eb e qet\u00eb, pa ndonj\u00eb debat, pasi pritet vet\u00ebm t\u00eb b\u00ebhet zyrtarizimi i plot\u00eb i kandidat\u00ebve p\u00ebr kryetar partie.<\/p>\n<p>Deri n\u00eb dit\u00ebn e sotme ka qen\u00eb afati i fundit p\u00ebr dor\u00ebzimin e kandidaturave p\u00ebr kryetar partie, nd\u00ebrkoh\u00eb q\u00eb dit\u00ebn e sotme pritet t\u00eb konfirmohet plot\u00ebsisht k\u00ebto kandidatura. Nd\u00ebrkoh\u00eb data 12 qershor t\u00eb jet\u00eb heshtje zgjedhore.<\/p>\n","protected":false},"excerpt":{"rendered":"<p>Dit\u00ebn e sotme pritet t\u00eb mblidhet Kryesia e Partis\u00eb Demokratike, p\u00ebr t\u00eb b\u00ebr\u00eb zyrtarizimin dhe konfirmimin e kandidaturave t\u00eb dor\u00ebzuara p\u00ebr kryetar partie. Deri m\u00eb tani jan\u00eb 5 kandidatura t\u00eb b\u00ebra zyrtare. Por n\u00eb fakt burimet b\u00ebjn\u00eb me dije se jan\u00eb 9 persona t\u00eb cil\u00ebt kan\u00eb dor\u00ebzuar formularin p\u00ebr t\u00eb kandiduar p\u00ebr postin e kryetarit [&hellip;]<\/p>\n","protected":false},"author":2030,"featured_media":182794,"comment_status":"closed","ping_status":"closed","sticky":false,"template":"","format":"standard","meta":{"footnotes":""},"categories":[241,1454],"tags":[],"class_list":{"0":"post-184135","1":"post","2":"type-post","3":"status-publish","4":"format-standard","5":"has-post-thumbnail","7":"category-aktualitet","8":"category-politike"},"_links":{"self":[{"href":"https:\/\/zjarr.tv\/sq\/wp-json\/wp\/v2\/posts\/184135","targetHints":{"allow":["GET"]}}],"collection":[{"href":"https:\/\/zjarr.tv\/sq\/wp-json\/wp\/v2\/posts"}],"about":[{"href":"https:\/\/zjarr.tv\/sq\/wp-json\/wp\/v2\/types\/post"}],"author":[{"embeddable":true,"href":"https:\/\/zjarr.tv\/sq\/wp-json\/wp\/v2\/users\/2030"}],"replies":[{"embeddable":true,"href":"https:\/\/zjarr.tv\/sq\/wp-json\/wp\/v2\/comments?post=184135"}],"version-history":[{"count":0,"href":"https:\/\/zjarr.tv\/sq\/wp-json\/wp\/v2\/posts\/184135\/revisions"}],"wp:featuredmedia":[{"embeddable":true,"href":"https:\/\/zjarr.tv\/sq\/wp-json\/wp\/v2\/media\/182794"}],"wp:attachment":[{"href":"https:\/\/zjarr.tv\/sq\/wp-json\/wp\/v2\/media?parent=184135"}],"wp:term":[{"taxonomy":"category","embeddable":true,"href":"https:\/\/zjarr.tv\/sq\/wp-json\/wp\/v2\/categories?post=184135"},{"taxonomy":"post_tag","embeddable":true,"href":"https:\/\/zjarr.tv\/sq\/wp-json\/wp\/v2\/tags?post=184135"}],"curies":[{"name":"wp","href":"https:\/\/api.w.org\/{rel}","templated":true}]}}