{"id":184138,"date":"2021-05-23T17:51:18","date_gmt":"2021-05-23T15:51:18","guid":{"rendered":"https:\/\/zjarr.tv\/?p=184138"},"modified":"2021-05-23T17:51:18","modified_gmt":"2021-05-23T15:51:18","slug":"basha-takohet-me-ministrat-e-jashtem-te-austrise-cekise-dhe-sllovenise-integrimi-ne-be-interesi-me-i-madh-per-vendin-dhe-per-te-permiresuar-te-ardhmen-e-shqiptareve","status":"publish","type":"post","link":"https:\/\/zjarr.tv\/sq\/basha-takohet-me-ministrat-e-jashtem-te-austrise-cekise-dhe-sllovenise-integrimi-ne-be-interesi-me-i-madh-per-vendin-dhe-per-te-permiresuar-te-ardhmen-e-shqiptareve\/","title":{"rendered":"Basha takohet me ministrat e Jasht\u00ebm t\u00eb Austris\u00eb, \u00c7ekis\u00eb dhe Sllovenis\u00eb: Integrimi n\u00eb BE, interesi m\u00eb i madh p\u00ebr vendin dhe p\u00ebr t\u00eb p\u00ebrmir\u00ebsuar t\u00eb ardhmen e shqiptar\u00ebve"},"content":{"rendered":"<p style=\"background: white; margin: 0in 0in 19.5pt 0in;\">Kryetari i PD, Lulzim Basha, u takua dit\u00ebn e sotme me ministrat e jasht\u00ebm t\u00eb Austris\u00eb, \u00c7ekis\u00eb dhe Sllovenis\u00eb, vend i cili merr dhe presidencen e rradh\u00ebs s\u00eb BE me 1 korrik.<\/p>\n<p style=\"background: white; -webkit-tap-highlight-color: transparent !important; box-sizing: border-box; overflow-wrap: break-word; font-variant-ligatures: normal; font-variant-caps: normal; orphans: 2; widows: 2; -webkit-text-stroke-width: 0px; text-decoration-thickness: initial; text-decoration-style: initial; text-decoration-color: initial; word-spacing: 0px; margin: 0in 0in 19.5pt 0in;\">Basha i siguroi ministrat se PD do t\u00eb b\u00ebj\u00eb gjith\u00e7ka mundet n\u00eb kapacitetin e saj p\u00ebr procesin e integrimit, si interesi me i madh komb\u00ebtar per vendin dhe per te permiresuar jet\u00ebn dhe t\u00eb ardhmen e qytetar\u00ebve shqiptar\u00eb.<\/p>\n<p style=\"background: white; -webkit-tap-highlight-color: transparent !important; box-sizing: border-box; overflow-wrap: break-word; font-variant-ligatures: normal; font-variant-caps: normal; orphans: 2; widows: 2; -webkit-text-stroke-width: 0px; text-decoration-thickness: initial; text-decoration-style: initial; text-decoration-color: initial; word-spacing: 0px; margin: 0in 0in 19.5pt 0in;\">N\u00eb qend\u00ebr t\u00eb diskutimit t\u00eb k\u00ebtij takimi ishin dhe procesi zgjedhor i 25 prillit 2021 dhe shqet\u00ebsimet e opozites n\u00eb lidhje me tjet\u00ebrsimin e vullnetit t\u00eb zgjedh\u00ebsve.<\/p>\n<p style=\"background: white; -webkit-tap-highlight-color: transparent !important; box-sizing: border-box; overflow-wrap: break-word; font-variant-ligatures: normal; font-variant-caps: normal; orphans: 2; widows: 2; -webkit-text-stroke-width: 0px; text-decoration-thickness: initial; text-decoration-style: initial; text-decoration-color: initial; word-spacing: 0px; margin: 0in 0in 19.5pt 0in;\">Basha u tha ministrave europian\u00eb se n\u00eb k\u00ebto zgjedhje qeveria p\u00ebrdori t\u00eb gjith\u00eb mekanizmat, q\u00eb nga administrata dhe fondet publike, tek personat e inkriminuar dhe parate e krimit dhe korrupsionit p\u00ebr t\u00eb tjet\u00ebrsuar vullnetin e zgjedh\u00ebsve. Sipas Bash\u00ebs, viktima e k\u00ebsaj masakre zgjedhore jan\u00eb fatkeq\u00ebsisht qytetar\u00ebt shqiptar\u00eb t\u00eb cilet duan ndryshim dhe nje jete m\u00eb t\u00eb mir\u00eb p\u00ebr familjet e tyre.<\/p>\n<p style=\"background: white; -webkit-tap-highlight-color: transparent !important; box-sizing: border-box; overflow-wrap: break-word; font-variant-ligatures: normal; font-variant-caps: normal; orphans: 2; widows: 2; -webkit-text-stroke-width: 0px; text-decoration-thickness: initial; text-decoration-style: initial; text-decoration-color: initial; word-spacing: 0px; margin: 0in 0in 19.5pt 0in;\">Kryedemokrati n\u00ebnvizoi gjat\u00eb bashk\u00ebbisedimit rolin e BE p\u00ebr vendin ton\u00eb dhe nevoj\u00ebn p\u00ebr t\u00eb bashk\u00ebrenduar forcat p\u00ebr t\u00eb nxitur p\u00ebrmbushjen e kushteve nga Shqip\u00ebria, sidomos ne luft\u00ebn kund\u00ebr kimit dhe korrupsionit, ndarjen e politik\u00ebs nga krimi dhe funksionimin e shtetit t\u00eb s\u00eb drejt\u00ebs. Ai shprehu vullnetin e pal\u00ebkundur t\u00eb PD p\u00ebr t\u00eb vazhduar betej\u00ebn p\u00ebr ndryshimin p\u00ebr t\u00eb cilin vendi ka shum\u00eb nevoj\u00eb.<\/p>\n<p style=\"background: white; -webkit-tap-highlight-color: transparent !important; box-sizing: border-box; overflow-wrap: break-word; font-variant-ligatures: normal; font-variant-caps: normal; orphans: 2; widows: 2; -webkit-text-stroke-width: 0px; text-decoration-thickness: initial; text-decoration-style: initial; text-decoration-color: initial; word-spacing: 0px; margin: 0in 0in 19.5pt 0in;\">Ministrat nga ana e tyre u u shpreh\u00ebn se BE dhe vendet an\u00ebtare do t\u00eb ndjekin me v\u00ebmendje maksimale zhvillimet post-zgjedhore n\u00eb Shqip\u00ebri, do t\u00eb ket\u00eb nj\u00eb v\u00ebmendje t\u00eb ve\u00e7ant\u00eb n\u00eb raportin e OSBE\/ODIHR dhe gjithashtu n\u00eb vendimmarrjet e organeve administrative t\u00eb zgjedhjeve dhe ato gjyq\u00ebsore. Nj\u00eb theks t\u00eb ve\u00e7ant\u00eb ato i vendos\u00ebn procesit t\u00eb integrimit q\u00eb do t\u00eb thot\u00eb nj\u00eb v\u00ebmendje edhe m\u00eb t\u00eb madhe t\u00eb BE-s\u00eb ndaj Shqip\u00ebris\u00eb.<\/p>\n","protected":false},"excerpt":{"rendered":"<p>Kryetari i PD, Lulzim Basha, u takua dit\u00ebn e sotme me ministrat e jasht\u00ebm t\u00eb Austris\u00eb, \u00c7ekis\u00eb dhe Sllovenis\u00eb, vend i cili merr dhe presidencen e rradh\u00ebs s\u00eb BE me 1 korrik. Basha i siguroi ministrat se PD do t\u00eb b\u00ebj\u00eb gjith\u00e7ka mundet n\u00eb kapacitetin e saj p\u00ebr procesin e integrimit, si interesi me i [&hellip;]<\/p>\n","protected":false},"author":2030,"featured_media":184139,"comment_status":"closed","ping_status":"closed","sticky":false,"template":"","format":"standard","meta":{"footnotes":""},"categories":[241,1454],"tags":[],"class_list":{"0":"post-184138","1":"post","2":"type-post","3":"status-publish","4":"format-standard","5":"has-post-thumbnail","7":"category-aktualitet","8":"category-politike"},"_links":{"self":[{"href":"https:\/\/zjarr.tv\/sq\/wp-json\/wp\/v2\/posts\/184138","targetHints":{"allow":["GET"]}}],"collection":[{"href":"https:\/\/zjarr.tv\/sq\/wp-json\/wp\/v2\/posts"}],"about":[{"href":"https:\/\/zjarr.tv\/sq\/wp-json\/wp\/v2\/types\/post"}],"author":[{"embeddable":true,"href":"https:\/\/zjarr.tv\/sq\/wp-json\/wp\/v2\/users\/2030"}],"replies":[{"embeddable":true,"href":"https:\/\/zjarr.tv\/sq\/wp-json\/wp\/v2\/comments?post=184138"}],"version-history":[{"count":0,"href":"https:\/\/zjarr.tv\/sq\/wp-json\/wp\/v2\/posts\/184138\/revisions"}],"wp:featuredmedia":[{"embeddable":true,"href":"https:\/\/zjarr.tv\/sq\/wp-json\/wp\/v2\/media\/184139"}],"wp:attachment":[{"href":"https:\/\/zjarr.tv\/sq\/wp-json\/wp\/v2\/media?parent=184138"}],"wp:term":[{"taxonomy":"category","embeddable":true,"href":"https:\/\/zjarr.tv\/sq\/wp-json\/wp\/v2\/categories?post=184138"},{"taxonomy":"post_tag","embeddable":true,"href":"https:\/\/zjarr.tv\/sq\/wp-json\/wp\/v2\/tags?post=184138"}],"curies":[{"name":"wp","href":"https:\/\/api.w.org\/{rel}","templated":true}]}}