{"id":184159,"date":"2021-05-23T19:04:05","date_gmt":"2021-05-23T17:04:05","guid":{"rendered":"https:\/\/zjarr.tv\/?p=184159"},"modified":"2021-05-23T19:04:05","modified_gmt":"2021-05-23T17:04:05","slug":"zbulohen-emrat-e-4-kandidateve-te-tjere-qe-i-shtohen-gares-per-kreun-e-pd-se-kryesia-po-zhvillon-mbledhje-ne-seline-blu","status":"publish","type":"post","link":"https:\/\/zjarr.tv\/sq\/zbulohen-emrat-e-4-kandidateve-te-tjere-qe-i-shtohen-gares-per-kreun-e-pd-se-kryesia-po-zhvillon-mbledhje-ne-seline-blu\/","title":{"rendered":"Zbulohen emrat e 4 kandidat\u00ebve t\u00eb tjer\u00eb q\u00eb i shtohen gar\u00ebs p\u00ebr kreun e PD-s\u00eb, Kryesia po zhvillon mbledhje n\u00eb selin\u00eb blu"},"content":{"rendered":"<p>Jan\u00eb zbuluar emrat e 4 kandidat\u00ebve t\u00eb tjer\u00eb q\u00eb kan\u00eb plot\u00ebsuar formular\u00ebt p\u00ebr t\u00eb garuar n\u00eb zgjedhjet e 13 qershorit p\u00ebr kreun e Partis\u00eb Demokratike.<\/p>\n<p>Admir Mulaj, Edmond Vrapi, Sabri Hoxha dhe Mirjan Jashanllari jan\u00eb 4 kandidat\u00ebt q\u00eb kan\u00eb plot\u00ebsuar formularin n\u00eb minutat e fundit.<\/p>\n<p>N\u00eb gar\u00eb jan\u00eb edhe kryetari actual Lulzim Basha, Agron Shehaj, Fatbadr Kadilli dhe dy kandidaturat e grupimit \u201cP\u00ebr PD-n\u00eb\u201d, Edith Harxhi dhe Ibsen Elezi.<\/p>\n<p>Kryesia e Partis\u00eb Demokratike \u00ebsht\u00eb mbledhur n\u00eb selin\u00eb blu dhe po shqyrton kandidaturat, nd\u00ebrkoh\u00eb q\u00eb kryetari Lulzim Basha nuk ka marr\u00eb pjes\u00eb n\u00eb mbledhje.<\/p>\n","protected":false},"excerpt":{"rendered":"<p>Jan\u00eb zbuluar emrat e 4 kandidat\u00ebve t\u00eb tjer\u00eb q\u00eb kan\u00eb plot\u00ebsuar formular\u00ebt p\u00ebr t\u00eb garuar n\u00eb zgjedhjet e 13 qershorit p\u00ebr kreun e Partis\u00eb Demokratike. Admir Mulaj, Edmond Vrapi, Sabri Hoxha dhe Mirjan Jashanllari jan\u00eb 4 kandidat\u00ebt q\u00eb kan\u00eb plot\u00ebsuar formularin n\u00eb minutat e fundit. N\u00eb gar\u00eb jan\u00eb edhe kryetari actual Lulzim Basha, Agron Shehaj, [&hellip;]<\/p>\n","protected":false},"author":2030,"featured_media":184160,"comment_status":"closed","ping_status":"closed","sticky":false,"template":"","format":"standard","meta":{"footnotes":""},"categories":[241,1454],"tags":[],"class_list":{"0":"post-184159","1":"post","2":"type-post","3":"status-publish","4":"format-standard","5":"has-post-thumbnail","7":"category-aktualitet","8":"category-politike"},"_links":{"self":[{"href":"https:\/\/zjarr.tv\/sq\/wp-json\/wp\/v2\/posts\/184159","targetHints":{"allow":["GET"]}}],"collection":[{"href":"https:\/\/zjarr.tv\/sq\/wp-json\/wp\/v2\/posts"}],"about":[{"href":"https:\/\/zjarr.tv\/sq\/wp-json\/wp\/v2\/types\/post"}],"author":[{"embeddable":true,"href":"https:\/\/zjarr.tv\/sq\/wp-json\/wp\/v2\/users\/2030"}],"replies":[{"embeddable":true,"href":"https:\/\/zjarr.tv\/sq\/wp-json\/wp\/v2\/comments?post=184159"}],"version-history":[{"count":0,"href":"https:\/\/zjarr.tv\/sq\/wp-json\/wp\/v2\/posts\/184159\/revisions"}],"wp:featuredmedia":[{"embeddable":true,"href":"https:\/\/zjarr.tv\/sq\/wp-json\/wp\/v2\/media\/184160"}],"wp:attachment":[{"href":"https:\/\/zjarr.tv\/sq\/wp-json\/wp\/v2\/media?parent=184159"}],"wp:term":[{"taxonomy":"category","embeddable":true,"href":"https:\/\/zjarr.tv\/sq\/wp-json\/wp\/v2\/categories?post=184159"},{"taxonomy":"post_tag","embeddable":true,"href":"https:\/\/zjarr.tv\/sq\/wp-json\/wp\/v2\/tags?post=184159"}],"curies":[{"name":"wp","href":"https:\/\/api.w.org\/{rel}","templated":true}]}}