{"id":184207,"date":"2021-05-24T09:48:50","date_gmt":"2021-05-24T07:48:50","guid":{"rendered":"https:\/\/zjarr.tv\/?p=184207"},"modified":"2021-05-24T09:48:50","modified_gmt":"2021-05-24T07:48:50","slug":"yuri-kim-ben-levizjen-e-rendesishme-takohet-me-kryebashkiakun-socialist-ne-vlore-cfare-kane-diskutuar","status":"publish","type":"post","link":"https:\/\/zjarr.tv\/sq\/yuri-kim-ben-levizjen-e-rendesishme-takohet-me-kryebashkiakun-socialist-ne-vlore-cfare-kane-diskutuar\/","title":{"rendered":"Yuri Kim b\u00ebn l\u00ebvizjen e r\u00ebnd\u00ebsishme, takohet me kryebashkiakun socialist n\u00eb Vlor\u00eb\/ \u00c7far\u00eb kan\u00eb diskutuar?"},"content":{"rendered":"<p>Dit\u00ebn e djeshme, Ambasadorja Yuri Kim, ka zhvilluar nj\u00eb takim me kryebashkiakun e Vlor\u00ebs, Dritan Leli. K\u00ebt\u00eb lajm, e ka b\u00ebr\u00eb t\u00eb ditur vet\u00eb Leli, i cili thekson\u00a0<em style=\"font-weight: inherit;\">\u201c\u00e7moj mb\u00ebshtetjen dhe v\u00ebmendjen e vazhdueshme t\u00eb Amerik\u00ebs ndaj Shqip\u00ebris\u00eb, Vlor\u00ebs dhe qytetar\u00ebve t\u00eb saj.\u201d<\/em><\/p>\n<p>N\u00eb fund t\u00eb reagimit t\u00eb tij, Leli shkrun se \u201cUSA do t\u00eb ngelet udh\u00ebrr\u00ebfyesi i rrug\u00ebtimit ton\u00eb drejt t\u00eb ardhmes.\u201d<\/p>\n<p><strong style=\"font-style: inherit;\">Postimi i plot\u00eb:<\/strong><\/p>\n<p>\u201cNdihem ve\u00e7an\u00ebrisht i nderuar q\u00eb, nga vizita e saj n\u00eb Vlor\u00eb, k\u00ebt\u00eb fundjav\u00eb, Ambasadorja e Shteteve t\u00eb Bashkuara, Yuri Kim, u kthye s\u00ebrish n\u00eb bashki. \u00c7moj mb\u00ebshtetjen dhe v\u00ebmendjen e vazhdueshme t\u00eb Amerik\u00ebs ndaj Shqip\u00ebris\u00eb, Vlor\u00ebs dhe qytetar\u00ebve t\u00eb saj.<\/p>\n<p>Forcimi i lidhjes mes dy vendeve, tani edhe p\u00ebrmes #DefenderEurope21, jan\u00eb rezultati i nj\u00eb miq\u00ebsie t\u00eb gjat\u00eb, p\u00ebrkrahja e s\u00eb cil\u00ebs rrit stabilitetin. USA do t\u00eb ngelet udh\u00ebrr\u00ebfyesi i rrugetimit ton\u00eb drejtt\u00eb ardhmes.\u201d \u2013 shkruan Leli.<\/p>\n","protected":false},"excerpt":{"rendered":"<p>Dit\u00ebn e djeshme, Ambasadorja Yuri Kim, ka zhvilluar nj\u00eb takim me kryebashkiakun e Vlor\u00ebs, Dritan Leli. K\u00ebt\u00eb lajm, e ka b\u00ebr\u00eb t\u00eb ditur vet\u00eb Leli, i cili thekson\u00a0\u201c\u00e7moj mb\u00ebshtetjen dhe v\u00ebmendjen e vazhdueshme t\u00eb Amerik\u00ebs ndaj Shqip\u00ebris\u00eb, Vlor\u00ebs dhe qytetar\u00ebve t\u00eb saj.\u201d N\u00eb fund t\u00eb reagimit t\u00eb tij, Leli shkrun se \u201cUSA do t\u00eb ngelet [&hellip;]<\/p>\n","protected":false},"author":2016,"featured_media":184209,"comment_status":"closed","ping_status":"closed","sticky":false,"template":"","format":"standard","meta":{"footnotes":""},"categories":[241],"tags":[2746],"class_list":{"0":"post-184207","1":"post","2":"type-post","3":"status-publish","4":"format-standard","5":"has-post-thumbnail","7":"category-aktualitet","8":"tag-lajme-zjarr-kim-ben-levizjen-e-rendesishme-zjarr-tv"},"_links":{"self":[{"href":"https:\/\/zjarr.tv\/sq\/wp-json\/wp\/v2\/posts\/184207","targetHints":{"allow":["GET"]}}],"collection":[{"href":"https:\/\/zjarr.tv\/sq\/wp-json\/wp\/v2\/posts"}],"about":[{"href":"https:\/\/zjarr.tv\/sq\/wp-json\/wp\/v2\/types\/post"}],"author":[{"embeddable":true,"href":"https:\/\/zjarr.tv\/sq\/wp-json\/wp\/v2\/users\/2016"}],"replies":[{"embeddable":true,"href":"https:\/\/zjarr.tv\/sq\/wp-json\/wp\/v2\/comments?post=184207"}],"version-history":[{"count":0,"href":"https:\/\/zjarr.tv\/sq\/wp-json\/wp\/v2\/posts\/184207\/revisions"}],"wp:featuredmedia":[{"embeddable":true,"href":"https:\/\/zjarr.tv\/sq\/wp-json\/wp\/v2\/media\/184209"}],"wp:attachment":[{"href":"https:\/\/zjarr.tv\/sq\/wp-json\/wp\/v2\/media?parent=184207"}],"wp:term":[{"taxonomy":"category","embeddable":true,"href":"https:\/\/zjarr.tv\/sq\/wp-json\/wp\/v2\/categories?post=184207"},{"taxonomy":"post_tag","embeddable":true,"href":"https:\/\/zjarr.tv\/sq\/wp-json\/wp\/v2\/tags?post=184207"}],"curies":[{"name":"wp","href":"https:\/\/api.w.org\/{rel}","templated":true}]}}