{"id":184214,"date":"2021-05-24T10:21:26","date_gmt":"2021-05-24T08:21:26","guid":{"rendered":"https:\/\/zjarr.tv\/?p=184214"},"modified":"2021-05-24T11:26:36","modified_gmt":"2021-05-24T09:26:36","slug":"ambasadori-jean-paul-flet-per-vendimin-e-blinken-per-berishen-brutale-dhe-e-pazakonte-sali-berisha-eshte-i-respektuar-per-me-shume-se-30-vjet","status":"publish","type":"post","link":"https:\/\/zjarr.tv\/sq\/ambasadori-jean-paul-flet-per-vendimin-e-blinken-per-berishen-brutale-dhe-e-pazakonte-sali-berisha-eshte-i-respektuar-per-me-shume-se-30-vjet\/","title":{"rendered":"Ambasadori Jean-Paul, flet p\u00ebr vendimin e Blinken p\u00ebr Berish\u00ebn\/ Brutale dhe e pazakont\u00eb, Sali Berisha \u00ebsht\u00eb i respektuar p\u00ebr m\u00eb shum\u00eb se 30 vjet\u2026"},"content":{"rendered":"<p>Kryetari dhe Themeluesi i Forumit Crans Montana, ambasadori Jean-Paul Carteron, ka reaguar n\u00eb lidhje me vendimin e DASH, p\u00ebr t\u00eb ndaluar hyrjen n\u00eb SHBA t\u00eb ish-kryeministrit Sali Berisha. Carteron shkruan n\u00eb Twitter, se ky vendim i sekretarit Antony Blinken, \u00ebsht\u00eb sa brutal dhe i pazakont\u00eb. Ai shkruan se ky vendim, ka surprizuar komunitetin politik q\u00eb e njeh dhe e respekton Berish\u00ebn prej 30 vitesh.<\/p>\n<p>\u201cVendosja n\u00eb list\u00ebn e zez\u00eb t\u00eb @BerishaSali n\u00eb m\u00ebnyr\u00eb brutale dhe kaq t\u00eb pazakont\u00eb nga<\/p>\n<p><em>@SecBlinken, publikimi gjithashtu n\u00eb llogarin\u00eb e tij personale n\u00eb Twitter, ka suprizuar \u00a0komunitetin politik, ve\u00e7an\u00ebrisht ata q\u00eb e kan\u00eb njohur dhe respektuar at\u00eb p\u00ebr m\u00eb shum\u00eb se 30 vjet &#8230;\u2019,\u00a0<\/em>shkruan kryetari dhe Themeluesi i Forumit Crans Montana, ambasadori Jean-Paul Carteron.<\/p>\n<p>Pas k\u00ebtij vendimi, ish-kryeministri Sali Berisha, reagoi nj\u00eb dit\u00eb m\u00eb pase ka vendosur t\u00eb ndjek\u00eb k\u00ebt\u00eb \u00e7\u00ebshtje n\u00eb rrug\u00eb ligjore dhe ka pajtuar avokatin francez, Jean-Yves Le Borgne, p\u00ebr t\u00eb paditur n\u00eb rrug\u00eb gjyq\u00ebsore n\u00eb Franc\u00eb, Sekretarin amerikan t\u00eb Shtetit, Antony Blinken p\u00ebr veprimin e tij p\u00ebr shpalljen \u201cnon grata\u201d.<\/p>\n<p>Jean-Yves Le Borgne, 71-vje\u00e7 kryeson Shoqat\u00ebn e Avokat\u00ebve Penal\u00eb t\u00eb Franc\u00ebs dhe ka mbrojtur n\u00eb gjykatat e k\u00ebtij vendi shum\u00eb personalitete t\u00eb larta politike si ish-kryetarin e Parisit Jean Tiberi, ish-drejtorin e kabinetit t\u00eb Jacques Chirac dhe biznesmen\u00eb t\u00eb m\u00ebdhenj si ish-bosin e Renault, sip\u00ebrmarr\u00ebsin Carlos Ghosn.<\/p>\n<p>Ai konsiderohet politikisht n\u00eb Franc\u00eb si nj\u00eb golist me prirje nga e majta, dhe disa her\u00eb ka tentuar t\u00eb hyj\u00eb n\u00eb politik\u00eb.<\/p>\n<p><img loading=\"lazy\" decoding=\"async\" class=\"alignnone size-full wp-image-184238\" src=\"https:\/\/zjarr.tv\/wp-content\/uploads\/2021\/05\/sala.jpg\" alt=\"\" width=\"544\" height=\"680\" srcset=\"https:\/\/zjarr.tv\/wp-content\/uploads\/2021\/05\/sala.jpg 544w, https:\/\/zjarr.tv\/wp-content\/uploads\/2021\/05\/sala-240x300.jpg 240w, https:\/\/zjarr.tv\/wp-content\/uploads\/2021\/05\/sala-336x420.jpg 336w\" sizes=\"auto, (max-width: 544px) 100vw, 544px\" \/><\/p>\n","protected":false},"excerpt":{"rendered":"<p>Kryetari dhe Themeluesi i Forumit Crans Montana, ambasadori Jean-Paul Carteron, ka reaguar n\u00eb lidhje me vendimin e DASH, p\u00ebr t\u00eb ndaluar hyrjen n\u00eb SHBA t\u00eb ish-kryeministrit Sali Berisha. Carteron shkruan n\u00eb Twitter, se ky vendim i sekretarit Antony Blinken, \u00ebsht\u00eb sa brutal dhe i pazakont\u00eb. Ai shkruan se ky vendim, ka surprizuar komunitetin politik q\u00eb [&hellip;]<\/p>\n","protected":false},"author":2016,"featured_media":184216,"comment_status":"closed","ping_status":"closed","sticky":false,"template":"","format":"standard","meta":{"footnotes":""},"categories":[241],"tags":[3250],"class_list":{"0":"post-184214","1":"post","2":"type-post","3":"status-publish","4":"format-standard","5":"has-post-thumbnail","7":"category-aktualitet","8":"tag-lajme-zjarr-jean-paul-flet-per-vendimin-e-blinken-per-berishen-zjarr-tv"},"_links":{"self":[{"href":"https:\/\/zjarr.tv\/sq\/wp-json\/wp\/v2\/posts\/184214","targetHints":{"allow":["GET"]}}],"collection":[{"href":"https:\/\/zjarr.tv\/sq\/wp-json\/wp\/v2\/posts"}],"about":[{"href":"https:\/\/zjarr.tv\/sq\/wp-json\/wp\/v2\/types\/post"}],"author":[{"embeddable":true,"href":"https:\/\/zjarr.tv\/sq\/wp-json\/wp\/v2\/users\/2016"}],"replies":[{"embeddable":true,"href":"https:\/\/zjarr.tv\/sq\/wp-json\/wp\/v2\/comments?post=184214"}],"version-history":[{"count":0,"href":"https:\/\/zjarr.tv\/sq\/wp-json\/wp\/v2\/posts\/184214\/revisions"}],"wp:featuredmedia":[{"embeddable":true,"href":"https:\/\/zjarr.tv\/sq\/wp-json\/wp\/v2\/media\/184216"}],"wp:attachment":[{"href":"https:\/\/zjarr.tv\/sq\/wp-json\/wp\/v2\/media?parent=184214"}],"wp:term":[{"taxonomy":"category","embeddable":true,"href":"https:\/\/zjarr.tv\/sq\/wp-json\/wp\/v2\/categories?post=184214"},{"taxonomy":"post_tag","embeddable":true,"href":"https:\/\/zjarr.tv\/sq\/wp-json\/wp\/v2\/tags?post=184214"}],"curies":[{"name":"wp","href":"https:\/\/api.w.org\/{rel}","templated":true}]}}