{"id":184217,"date":"2021-05-24T10:38:24","date_gmt":"2021-05-24T08:38:24","guid":{"rendered":"https:\/\/zjarr.tv\/?p=184217"},"modified":"2021-05-24T10:38:24","modified_gmt":"2021-05-24T08:38:24","slug":"mbledhja-e-kas-ja-pse-pd-kerkon-pavlefshmerine-dhe-perseritjen-e-zgjedhjeve-ne-durres","status":"publish","type":"post","link":"https:\/\/zjarr.tv\/sq\/mbledhja-e-kas-ja-pse-pd-kerkon-pavlefshmerine-dhe-perseritjen-e-zgjedhjeve-ne-durres\/","title":{"rendered":"Mbledhja e KAS\/ Ja pse PD k\u00ebrkon pavlefshm\u00ebrin\u00eb dhe p\u00ebrs\u00ebritjen e Zgjedhjeve n\u00eb Durr\u00ebs\u2026"},"content":{"rendered":"<p>\u00cbsht\u00eb mbajtur sot mbledhja e rradh\u00ebs e Komisionit t\u00eb Ankimimeve dhe Sanksioneve, p\u00ebr shqyrtimin e k\u00ebrkes\u00ebs s\u00eb PD p\u00ebr shpalljen e pavflefshme t\u00eb Zgjedhjeve t\u00eb mbajtura n\u00eb 25 Prill dhe rip\u00ebrs\u00ebritjen e tyre.<\/p>\n<p>Sipas p\u00ebrfaq\u00ebsuesit t\u00eb PD-s\u00eb, duhet t\u00eb shpallen t\u00eb pavlefshme dhe t\u00eb p\u00ebrs\u00ebriten Zgjedhjet n\u00eb qarkun e Durr\u00ebsit, p\u00ebr arsyen se n\u00eb krye t\u00eb fushat\u00ebs s\u00eb Partis\u00eb Socialiste, kan\u00eb qen\u00eb t\u00eb gjith\u00eb persona me precedent\u00eb penal.<\/p>\n<p>N\u00eb pretendimet e tyre, p\u00ebrfaq\u00ebsuesit e PD-s\u00eb kan\u00eb p\u00ebrmendur edhe emra t\u00eb personave me precedent\u00eb penal, t\u00eb cil\u00ebt jan\u00eb p\u00ebrfshir\u00eb n\u00eb fushat\u00ebn politike t\u00eb Partis\u00eb Socialiste, me n\u00eb krye t\u00eb tyre, ish-kryebashkiaku Vangjush Dakon.<\/p>\n<p>Sipas demokrat\u00ebve, personat e listuar, t\u00eb d\u00ebnuar edhe m\u00eb par\u00eb kan\u00eb dh\u00ebn\u00eb kontributin e tyre n\u00eb fushat\u00eb, duke p\u00ebrdorur shantazhe ndaj qytetar\u00ebve dhe n\u00ebnpun\u00ebsve publike.<\/p>\n<p>Vijon \u2026<\/p>\n<p>&nbsp;<\/p>\n<p>&nbsp;<\/p>\n","protected":false},"excerpt":{"rendered":"<p>\u00cbsht\u00eb mbajtur sot mbledhja e rradh\u00ebs e Komisionit t\u00eb Ankimimeve dhe Sanksioneve, p\u00ebr shqyrtimin e k\u00ebrkes\u00ebs s\u00eb PD p\u00ebr shpalljen e pavflefshme t\u00eb Zgjedhjeve t\u00eb mbajtura n\u00eb 25 Prill dhe rip\u00ebrs\u00ebritjen e tyre. Sipas p\u00ebrfaq\u00ebsuesit t\u00eb PD-s\u00eb, duhet t\u00eb shpallen t\u00eb pavlefshme dhe t\u00eb p\u00ebrs\u00ebriten Zgjedhjet n\u00eb qarkun e Durr\u00ebsit, p\u00ebr arsyen se n\u00eb krye [&hellip;]<\/p>\n","protected":false},"author":2016,"featured_media":184219,"comment_status":"closed","ping_status":"closed","sticky":false,"template":"","format":"standard","meta":{"footnotes":""},"categories":[241,1454],"tags":[3251],"class_list":{"0":"post-184217","1":"post","2":"type-post","3":"status-publish","4":"format-standard","5":"has-post-thumbnail","7":"category-aktualitet","8":"category-politike","9":"tag-lajme-zjarr-mbledhja-e-kas-zjarr-tv"},"_links":{"self":[{"href":"https:\/\/zjarr.tv\/sq\/wp-json\/wp\/v2\/posts\/184217","targetHints":{"allow":["GET"]}}],"collection":[{"href":"https:\/\/zjarr.tv\/sq\/wp-json\/wp\/v2\/posts"}],"about":[{"href":"https:\/\/zjarr.tv\/sq\/wp-json\/wp\/v2\/types\/post"}],"author":[{"embeddable":true,"href":"https:\/\/zjarr.tv\/sq\/wp-json\/wp\/v2\/users\/2016"}],"replies":[{"embeddable":true,"href":"https:\/\/zjarr.tv\/sq\/wp-json\/wp\/v2\/comments?post=184217"}],"version-history":[{"count":0,"href":"https:\/\/zjarr.tv\/sq\/wp-json\/wp\/v2\/posts\/184217\/revisions"}],"wp:featuredmedia":[{"embeddable":true,"href":"https:\/\/zjarr.tv\/sq\/wp-json\/wp\/v2\/media\/184219"}],"wp:attachment":[{"href":"https:\/\/zjarr.tv\/sq\/wp-json\/wp\/v2\/media?parent=184217"}],"wp:term":[{"taxonomy":"category","embeddable":true,"href":"https:\/\/zjarr.tv\/sq\/wp-json\/wp\/v2\/categories?post=184217"},{"taxonomy":"post_tag","embeddable":true,"href":"https:\/\/zjarr.tv\/sq\/wp-json\/wp\/v2\/tags?post=184217"}],"curies":[{"name":"wp","href":"https:\/\/api.w.org\/{rel}","templated":true}]}}