{"id":184220,"date":"2021-05-24T10:54:15","date_gmt":"2021-05-24T08:54:15","guid":{"rendered":"https:\/\/zjarr.tv\/?p=184220"},"modified":"2021-05-24T10:54:39","modified_gmt":"2021-05-24T08:54:39","slug":"ylli-manjani-leshon-deklaraten-e-papritur-pavlefshmerite-ne-zgjedhje","status":"publish","type":"post","link":"https:\/\/zjarr.tv\/sq\/ylli-manjani-leshon-deklaraten-e-papritur-pavlefshmerite-ne-zgjedhje\/","title":{"rendered":"Ylli Manjani l\u00ebshon deklarat\u00ebn e papritur p\u00ebr pavlefshm\u00ebrit\u00eb n\u00eb Zgjedhje\u2026"},"content":{"rendered":"<p>Komisioni i Ankesave dhe Sanksioneve \u00ebsht\u00eb mblidhur sot n\u00eb or\u00ebn 10:00, p\u00ebr t\u00eb shqyrtuar k\u00ebrkesat ankimore t\u00eb Partis\u00eb Demokratike dhe L\u00ebvizjes Socialiste p\u00ebr integrim, p\u00ebr qarkun e Durr\u00ebsit. Aleanca PD-AN, ka k\u00ebrkuar rivotim n\u00eb t\u00eb gjith\u00eb qarkun duke shpallur t\u00eb pavlfeshme zgjedhjet aktuale, nd\u00ebrsa LSI-ja k\u00ebrkon rinum\u00ebrim t\u00eb votave.<\/p>\n<p>Lidhur m\u00eb k\u00ebt\u00eb, avokati Ylli Manjani, ka b\u00ebr\u00eb nj\u00eb koment, ku thot\u00eb se ky proces ankimor, q\u00eb PD dhe LSI vijojn\u00eb n\u00eb KQZ nuk ka shum\u00eb hije.\u00a0<em style=\"font-weight: inherit;\">\u201cPD \u00ebsht\u00eb pa kryetar. Dmth n\u00eb gar\u00eb t\u00eb brendshme p\u00ebr kryetar. LSI e ka kryetaren n\u00eb Amerik\u00eb. B\u00ebn selfie atje..\u201d,<\/em>\u00a0\u2013 shkruan Manjani.<\/p>\n<p><strong style=\"font-style: inherit;\"> Postimi i Manjanit:<\/strong><\/p>\n<p><em style=\"font-weight: inherit;\">\u201cNuk e di po ky pro\u00e7esi ankimor, q\u00eb PD dhe LSI vijojn\u00eb n\u00eb KQZ, sikur nuk ka shum\u00eb hije. <\/em><em style=\"font-weight: inherit;\">PD \u00ebsht\u00eb pa kryetar. Dmth n\u00eb gar\u00eb t\u00eb brendshme p\u00ebr kryetar. <\/em><em style=\"font-weight: inherit;\">LSI e ka kryetaren n\u00eb Amerik\u00eb. B\u00ebn selfie atje.. <\/em><em style=\"font-weight: inherit;\">Si mund ti lexoj\u00eb ankesat e k\u00ebtyre partive KQZ n\u00eb k\u00ebto kushte?! <\/em><em style=\"font-weight: inherit;\">Zgjedhjet nuk jan\u00eb pun\u00eb avokat\u00ebsh, sado t\u00eb zot\u00eb qofshin k\u00ebto t\u00eb fundit. <\/em><em style=\"font-weight: inherit;\">Nejse, k\u00ebshtu m\u00eb duket mua\u2026\u201d<\/em>\u00a0\u2013 shkruan Manjani.<\/p>\n","protected":false},"excerpt":{"rendered":"<p>Komisioni i Ankesave dhe Sanksioneve \u00ebsht\u00eb mblidhur sot n\u00eb or\u00ebn 10:00, p\u00ebr t\u00eb shqyrtuar k\u00ebrkesat ankimore t\u00eb Partis\u00eb Demokratike dhe L\u00ebvizjes Socialiste p\u00ebr integrim, p\u00ebr qarkun e Durr\u00ebsit. Aleanca PD-AN, ka k\u00ebrkuar rivotim n\u00eb t\u00eb gjith\u00eb qarkun duke shpallur t\u00eb pavlfeshme zgjedhjet aktuale, nd\u00ebrsa LSI-ja k\u00ebrkon rinum\u00ebrim t\u00eb votave. Lidhur m\u00eb k\u00ebt\u00eb, avokati Ylli Manjani, [&hellip;]<\/p>\n","protected":false},"author":2016,"featured_media":184222,"comment_status":"closed","ping_status":"closed","sticky":false,"template":"","format":"standard","meta":{"footnotes":""},"categories":[241,1454],"tags":[3252],"class_list":{"0":"post-184220","1":"post","2":"type-post","3":"status-publish","4":"format-standard","5":"has-post-thumbnail","7":"category-aktualitet","8":"category-politike","9":"tag-lajme-zjarr-manjani-leshon-deklaraten-e-papritur-zjarr-tv"},"_links":{"self":[{"href":"https:\/\/zjarr.tv\/sq\/wp-json\/wp\/v2\/posts\/184220","targetHints":{"allow":["GET"]}}],"collection":[{"href":"https:\/\/zjarr.tv\/sq\/wp-json\/wp\/v2\/posts"}],"about":[{"href":"https:\/\/zjarr.tv\/sq\/wp-json\/wp\/v2\/types\/post"}],"author":[{"embeddable":true,"href":"https:\/\/zjarr.tv\/sq\/wp-json\/wp\/v2\/users\/2016"}],"replies":[{"embeddable":true,"href":"https:\/\/zjarr.tv\/sq\/wp-json\/wp\/v2\/comments?post=184220"}],"version-history":[{"count":0,"href":"https:\/\/zjarr.tv\/sq\/wp-json\/wp\/v2\/posts\/184220\/revisions"}],"wp:featuredmedia":[{"embeddable":true,"href":"https:\/\/zjarr.tv\/sq\/wp-json\/wp\/v2\/media\/184222"}],"wp:attachment":[{"href":"https:\/\/zjarr.tv\/sq\/wp-json\/wp\/v2\/media?parent=184220"}],"wp:term":[{"taxonomy":"category","embeddable":true,"href":"https:\/\/zjarr.tv\/sq\/wp-json\/wp\/v2\/categories?post=184220"},{"taxonomy":"post_tag","embeddable":true,"href":"https:\/\/zjarr.tv\/sq\/wp-json\/wp\/v2\/tags?post=184220"}],"curies":[{"name":"wp","href":"https:\/\/api.w.org\/{rel}","templated":true}]}}