{"id":184243,"date":"2021-05-24T11:45:15","date_gmt":"2021-05-24T09:45:15","guid":{"rendered":"https:\/\/zjarr.tv\/?p=184243"},"modified":"2021-05-24T11:45:15","modified_gmt":"2021-05-24T09:45:15","slug":"shpallja-e-berishes-non-grata-ambasadori-gjerman-nuk-kam-koment-jam-ketu-te-vizitoj-vetem","status":"publish","type":"post","link":"https:\/\/zjarr.tv\/sq\/shpallja-e-berishes-non-grata-ambasadori-gjerman-nuk-kam-koment-jam-ketu-te-vizitoj-vetem\/","title":{"rendered":"Shpallja e Berish\u00ebs \u201cnon grata\u201d\/ Ambasadori gjerman: Nuk kam koment, jam k\u00ebtu t\u00eb vizitoj vet\u00ebm\u2026"},"content":{"rendered":"<p>Cfar\u00eb mendimi keni p\u00ebr shpalljen \u201cnon-grata\u201d t\u00eb Sali Berish\u00ebs ?<\/p>\n<p>Peter Zingraf: Nuk kam koment, jam k\u00ebtu t\u00eb vizitoj vet\u00ebm k\u00ebt\u00eb projekt kaq t\u00eb r\u00ebnd\u00ebsish\u00ebm.<\/p>\n<p>Le t\u00eb themi q\u00eb un\u00eb shpresoj q\u00eb bisedimet p\u00ebr an\u00ebtar\u00ebsim t\u00eb nisin sa m\u00eb shpejt, edhe ky projekt k\u00ebtu \u00ebsht\u00eb nj\u00eb proces q\u00eb k\u00ebrkon mjaft pun\u00eb dhe bashk\u00ebpunim p\u00ebr arritjen e standarteve europiane. Vet\u00eb ekspert\u00ebt gjykojn\u00eb q\u00eb sa u p\u00ebrket standardeve t\u00eb p\u00ebrshtatura t\u00eb nj\u00eb vendi p\u00ebr t\u00eb qen\u00eb n\u00eb BE, duhet t\u00eb ket\u00eb funksionim t\u00eb pushtetit lokal m\u00eb shum\u00eb sesa ai shtet\u00ebror.<\/p>\n<p>E r\u00ebnd\u00ebsishme q\u00eb negociatat me Shqip\u00ebrin\u00eb dhe Maqedonin\u00eb e Veriut do t\u00eb hapen s\u00eb shpejti.<\/p>\n<p>Vijon \u2026<\/p>\n<p>&nbsp;<\/p>\n","protected":false},"excerpt":{"rendered":"<p>Cfar\u00eb mendimi keni p\u00ebr shpalljen \u201cnon-grata\u201d t\u00eb Sali Berish\u00ebs ? Peter Zingraf: Nuk kam koment, jam k\u00ebtu t\u00eb vizitoj vet\u00ebm k\u00ebt\u00eb projekt kaq t\u00eb r\u00ebnd\u00ebsish\u00ebm. Le t\u00eb themi q\u00eb un\u00eb shpresoj q\u00eb bisedimet p\u00ebr an\u00ebtar\u00ebsim t\u00eb nisin sa m\u00eb shpejt, edhe ky projekt k\u00ebtu \u00ebsht\u00eb nj\u00eb proces q\u00eb k\u00ebrkon mjaft pun\u00eb dhe bashk\u00ebpunim p\u00ebr arritjen [&hellip;]<\/p>\n","protected":false},"author":2016,"featured_media":184246,"comment_status":"closed","ping_status":"closed","sticky":false,"template":"","format":"standard","meta":{"footnotes":""},"categories":[241],"tags":[3257],"class_list":{"0":"post-184243","1":"post","2":"type-post","3":"status-publish","4":"format-standard","5":"has-post-thumbnail","7":"category-aktualitet","8":"tag-lajme-zjarr-ambasadori-gjerman-zjarr-tv"},"_links":{"self":[{"href":"https:\/\/zjarr.tv\/sq\/wp-json\/wp\/v2\/posts\/184243","targetHints":{"allow":["GET"]}}],"collection":[{"href":"https:\/\/zjarr.tv\/sq\/wp-json\/wp\/v2\/posts"}],"about":[{"href":"https:\/\/zjarr.tv\/sq\/wp-json\/wp\/v2\/types\/post"}],"author":[{"embeddable":true,"href":"https:\/\/zjarr.tv\/sq\/wp-json\/wp\/v2\/users\/2016"}],"replies":[{"embeddable":true,"href":"https:\/\/zjarr.tv\/sq\/wp-json\/wp\/v2\/comments?post=184243"}],"version-history":[{"count":0,"href":"https:\/\/zjarr.tv\/sq\/wp-json\/wp\/v2\/posts\/184243\/revisions"}],"wp:featuredmedia":[{"embeddable":true,"href":"https:\/\/zjarr.tv\/sq\/wp-json\/wp\/v2\/media\/184246"}],"wp:attachment":[{"href":"https:\/\/zjarr.tv\/sq\/wp-json\/wp\/v2\/media?parent=184243"}],"wp:term":[{"taxonomy":"category","embeddable":true,"href":"https:\/\/zjarr.tv\/sq\/wp-json\/wp\/v2\/categories?post=184243"},{"taxonomy":"post_tag","embeddable":true,"href":"https:\/\/zjarr.tv\/sq\/wp-json\/wp\/v2\/tags?post=184243"}],"curies":[{"name":"wp","href":"https:\/\/api.w.org\/{rel}","templated":true}]}}