{"id":184251,"date":"2021-05-24T11:55:05","date_gmt":"2021-05-24T09:55:05","guid":{"rendered":"https:\/\/zjarr.tv\/?p=184251"},"modified":"2021-05-24T11:55:05","modified_gmt":"2021-05-24T09:55:05","slug":"perkujtimi-i-kongresit-te-permetit-ben-bashke-ish-presidentin-alfred-moisiu-dhe-ish-ministren-e-rames","status":"publish","type":"post","link":"https:\/\/zjarr.tv\/sq\/perkujtimi-i-kongresit-te-permetit-ben-bashke-ish-presidentin-alfred-moisiu-dhe-ish-ministren-e-rames\/","title":{"rendered":"P\u00ebrkujtimi i Kongresit t\u00eb P\u00ebrmetit b\u00ebn bashk\u00eb ish-presidentin Alfred Moisiu dhe ish-ministren e Ram\u00ebs"},"content":{"rendered":"<p>Sot, n\u00eb 24 Maj n\u00eb qytetin e P\u00ebrmetit kujtohet Kongresi i P\u00ebrmetit. P\u00ebr k\u00ebt\u00eb dit\u00eb, atje ka shkuar dhe ish-presidenti i Republik\u00ebs Alfred Moisiu.<\/p>\n<p>\u00cbsht\u00eb ish-ministrja e kultur\u00ebs Mirela Kumbaro q\u00eb ndan foto nga P\u00ebrmeti dhe ish-presidentin dhe shkruan \u201cMe Presidentin Moisiu! The President! Ne Permetin e Naimit e te Majit.\u201d<\/p>\n<p>Kongresi i P\u00ebrmetit ishte nj\u00eb takim i liderave komunist\u00eb shqiptar\u00eb, i zhvilluar n\u00eb 24 maj 1944. Takimi u mbajt n\u00eb P\u00ebrmet dhe zgjodhi qeverin\u00eb provizore.<\/p>\n","protected":false},"excerpt":{"rendered":"<p>Sot, n\u00eb 24 Maj n\u00eb qytetin e P\u00ebrmetit kujtohet Kongresi i P\u00ebrmetit. P\u00ebr k\u00ebt\u00eb dit\u00eb, atje ka shkuar dhe ish-presidenti i Republik\u00ebs Alfred Moisiu. \u00cbsht\u00eb ish-ministrja e kultur\u00ebs Mirela Kumbaro q\u00eb ndan foto nga P\u00ebrmeti dhe ish-presidentin dhe shkruan \u201cMe Presidentin Moisiu! The President! Ne Permetin e Naimit e te Majit.\u201d Kongresi i P\u00ebrmetit ishte [&hellip;]<\/p>\n","protected":false},"author":2030,"featured_media":184253,"comment_status":"closed","ping_status":"closed","sticky":false,"template":"","format":"standard","meta":{"footnotes":""},"categories":[241],"tags":[],"class_list":{"0":"post-184251","1":"post","2":"type-post","3":"status-publish","4":"format-standard","5":"has-post-thumbnail","7":"category-aktualitet"},"_links":{"self":[{"href":"https:\/\/zjarr.tv\/sq\/wp-json\/wp\/v2\/posts\/184251","targetHints":{"allow":["GET"]}}],"collection":[{"href":"https:\/\/zjarr.tv\/sq\/wp-json\/wp\/v2\/posts"}],"about":[{"href":"https:\/\/zjarr.tv\/sq\/wp-json\/wp\/v2\/types\/post"}],"author":[{"embeddable":true,"href":"https:\/\/zjarr.tv\/sq\/wp-json\/wp\/v2\/users\/2030"}],"replies":[{"embeddable":true,"href":"https:\/\/zjarr.tv\/sq\/wp-json\/wp\/v2\/comments?post=184251"}],"version-history":[{"count":0,"href":"https:\/\/zjarr.tv\/sq\/wp-json\/wp\/v2\/posts\/184251\/revisions"}],"wp:featuredmedia":[{"embeddable":true,"href":"https:\/\/zjarr.tv\/sq\/wp-json\/wp\/v2\/media\/184253"}],"wp:attachment":[{"href":"https:\/\/zjarr.tv\/sq\/wp-json\/wp\/v2\/media?parent=184251"}],"wp:term":[{"taxonomy":"category","embeddable":true,"href":"https:\/\/zjarr.tv\/sq\/wp-json\/wp\/v2\/categories?post=184251"},{"taxonomy":"post_tag","embeddable":true,"href":"https:\/\/zjarr.tv\/sq\/wp-json\/wp\/v2\/tags?post=184251"}],"curies":[{"name":"wp","href":"https:\/\/api.w.org\/{rel}","templated":true}]}}