{"id":184265,"date":"2021-05-24T12:18:31","date_gmt":"2021-05-24T10:18:31","guid":{"rendered":"https:\/\/zjarr.tv\/?p=184265"},"modified":"2021-05-24T12:26:42","modified_gmt":"2021-05-24T10:26:42","slug":"provat-i-morem-nga-media-ojq-dhe-edi-rama-bujar-kapexhiu-thumbon-dashfoto","status":"publish","type":"post","link":"https:\/\/zjarr.tv\/sq\/provat-i-morem-nga-media-ojq-dhe-edi-rama-bujar-kapexhiu-thumbon-dashfoto\/","title":{"rendered":"Provat i mor\u00ebm nga media OJQ dhe Edi Rama\/ Bujar Kapexhiu thumbon DASH(Foto)"},"content":{"rendered":"<p>Departamenti Amerikan i Shtetit, ka reaguar n\u00eb lidhje me vendimin e marr\u00eb p\u00ebr ish-kryeministrin Sali Berisha.<\/p>\n<p>N\u00eb nj\u00eb p\u00ebrgjigje p\u00ebr gazet\u00ebn SOT, ata kan\u00eb sqaruar se mbi \u00e7far\u00eb bazash e kan\u00eb marr\u00eb vendimin, p\u00ebr t\u00eb mos lejuar hyrjen n\u00eb SHBA t\u00eb ish-kryeministrit.<\/p>\n<p>N\u00eb m\u00ebnyr\u00eb t\u00eb habitshme, n\u00eb reagimin e tyre p\u00ebr gazet\u00ebn SOT, thuhet se ata e kan\u00eb marr\u00eb vendimin bazuar te raportimet e mediave, nga Organizata Joqeveritare dhe nga vet\u00eb qeveria e Edi Ram\u00ebs.<\/p>\n<p>Pik\u00ebrisht kjo deklarat\u00eb, ishte n\u00eb qend\u00ebr t\u00eb v\u00ebmendjes s\u00eb mjeshtrit Bujar Kapexhiu, q\u00eb sjell karikatur\u00ebn e radh\u00ebs n\u00eb gazet\u00ebn Mapo.<\/p>\n<p>Ajo titullohet: \u201cN\u00eb qendr\u00ebn e grumbullimit\u201d.<\/p>\n<p><img loading=\"lazy\" decoding=\"async\" class=\"alignnone size-full wp-image-184272\" src=\"https:\/\/zjarr.tv\/wp-content\/uploads\/2021\/05\/foto-1-2.jpg\" alt=\"\" width=\"900\" height=\"635\" srcset=\"https:\/\/zjarr.tv\/wp-content\/uploads\/2021\/05\/foto-1-2.jpg 900w, https:\/\/zjarr.tv\/wp-content\/uploads\/2021\/05\/foto-1-2-300x212.jpg 300w, https:\/\/zjarr.tv\/wp-content\/uploads\/2021\/05\/foto-1-2-768x542.jpg 768w, https:\/\/zjarr.tv\/wp-content\/uploads\/2021\/05\/foto-1-2-696x491.jpg 696w, https:\/\/zjarr.tv\/wp-content\/uploads\/2021\/05\/foto-1-2-595x420.jpg 595w, https:\/\/zjarr.tv\/wp-content\/uploads\/2021\/05\/foto-1-2-100x70.jpg 100w\" sizes=\"auto, (max-width: 900px) 100vw, 900px\" \/><\/p>\n","protected":false},"excerpt":{"rendered":"<p>Departamenti Amerikan i Shtetit, ka reaguar n\u00eb lidhje me vendimin e marr\u00eb p\u00ebr ish-kryeministrin Sali Berisha. N\u00eb nj\u00eb p\u00ebrgjigje p\u00ebr gazet\u00ebn SOT, ata kan\u00eb sqaruar se mbi \u00e7far\u00eb bazash e kan\u00eb marr\u00eb vendimin, p\u00ebr t\u00eb mos lejuar hyrjen n\u00eb SHBA t\u00eb ish-kryeministrit. N\u00eb m\u00ebnyr\u00eb t\u00eb habitshme, n\u00eb reagimin e tyre p\u00ebr gazet\u00ebn SOT, thuhet se [&hellip;]<\/p>\n","protected":false},"author":2016,"featured_media":184271,"comment_status":"closed","ping_status":"closed","sticky":false,"template":"","format":"standard","meta":{"footnotes":""},"categories":[241],"tags":[3260],"class_list":{"0":"post-184265","1":"post","2":"type-post","3":"status-publish","4":"format-standard","5":"has-post-thumbnail","7":"category-aktualitet","8":"tag-lajme-zjarr-kapexhiu-thumbon-dash-zjarr-tv"},"_links":{"self":[{"href":"https:\/\/zjarr.tv\/sq\/wp-json\/wp\/v2\/posts\/184265","targetHints":{"allow":["GET"]}}],"collection":[{"href":"https:\/\/zjarr.tv\/sq\/wp-json\/wp\/v2\/posts"}],"about":[{"href":"https:\/\/zjarr.tv\/sq\/wp-json\/wp\/v2\/types\/post"}],"author":[{"embeddable":true,"href":"https:\/\/zjarr.tv\/sq\/wp-json\/wp\/v2\/users\/2016"}],"replies":[{"embeddable":true,"href":"https:\/\/zjarr.tv\/sq\/wp-json\/wp\/v2\/comments?post=184265"}],"version-history":[{"count":0,"href":"https:\/\/zjarr.tv\/sq\/wp-json\/wp\/v2\/posts\/184265\/revisions"}],"wp:featuredmedia":[{"embeddable":true,"href":"https:\/\/zjarr.tv\/sq\/wp-json\/wp\/v2\/media\/184271"}],"wp:attachment":[{"href":"https:\/\/zjarr.tv\/sq\/wp-json\/wp\/v2\/media?parent=184265"}],"wp:term":[{"taxonomy":"category","embeddable":true,"href":"https:\/\/zjarr.tv\/sq\/wp-json\/wp\/v2\/categories?post=184265"},{"taxonomy":"post_tag","embeddable":true,"href":"https:\/\/zjarr.tv\/sq\/wp-json\/wp\/v2\/tags?post=184265"}],"curies":[{"name":"wp","href":"https:\/\/api.w.org\/{rel}","templated":true}]}}