{"id":184267,"date":"2021-05-24T12:17:23","date_gmt":"2021-05-24T10:17:23","guid":{"rendered":"https:\/\/zjarr.tv\/?p=184267"},"modified":"2021-05-24T12:17:23","modified_gmt":"2021-05-24T10:17:23","slug":"kas-rrezon-pd-per-qarkun-e-durresit-provat-e-kerkuara-nuk-kane-lidhje-me-zgjedhjet-u-takojne-organeve-te-tjera-pranohet-kerkesa-per-dy-prova-te-tjera","status":"publish","type":"post","link":"https:\/\/zjarr.tv\/sq\/kas-rrezon-pd-per-qarkun-e-durresit-provat-e-kerkuara-nuk-kane-lidhje-me-zgjedhjet-u-takojne-organeve-te-tjera-pranohet-kerkesa-per-dy-prova-te-tjera\/","title":{"rendered":"KAS rr\u00ebzon PD p\u00ebr Qarkun e Durr\u00ebsit: \u201cProvat\u201d e k\u00ebrkuara nuk kan\u00eb lidhje me zgjedhjet, u takojn\u00eb organeve t\u00eb tjera. Pranohet k\u00ebrkesa p\u00ebr dy prova t\u00eb tjera"},"content":{"rendered":"<p style=\"background: white; margin: 0in 0in 19.5pt 0in;\">Komisioni i Ankesave dhe Sanksioneve rr\u00ebzon k\u00ebrkes\u00ebn e Partis\u00eb Demokratike, t\u00eb mb\u00ebshtetur dhe nga LSI, p\u00ebr t\u00eb marr\u00eb informacion p\u00ebr disa \u201cprova\u201d q\u00eb sipas tyre kan\u00eb lidhje me procesin zgjedhor. Por me shumic\u00eb votash, an\u00ebtar\u00ebt e KAS kan\u00eb rr\u00ebzuar k\u00ebrkes\u00ebn.<br style=\"-webkit-tap-highlight-color: transparent !important; box-sizing: border-box;\" \/><br style=\"-webkit-tap-highlight-color: transparent !important; box-sizing: border-box;\" \/>Sipas relatorit Koli Bele, \u201cprovat\u201d q\u00eb k\u00ebrkonte PD nga 19 institucione shtet\u00ebrore nuk kan\u00eb lidhje me procesin, pasi jan\u00eb k\u00ebrkesa q\u00eb mund t\u00eb sh\u00ebrbejn\u00eb p\u00ebr t\u00eb v\u00ebn\u00eb n\u00eb pun\u00eb institucionet e drejt\u00ebsis\u00eb, por jo KAS.<br style=\"-webkit-tap-highlight-color: transparent !important; box-sizing: border-box;\" \/><br style=\"-webkit-tap-highlight-color: transparent !important; box-sizing: border-box;\" \/>\u201c<em>Me shumic\u00eb votash KAS rr\u00ebzoi marrjen e k\u00ebtyre provave, p\u00ebrvec dy provave q\u00eb jan\u00eb k\u00ebrkuar nga dy an\u00ebtar\u00ebt e KAS.<\/em><\/p>\n<p style=\"background: white; -webkit-tap-highlight-color: transparent !important; box-sizing: border-box; overflow-wrap: break-word; font-variant-ligatures: normal; font-variant-caps: normal; orphans: 2; widows: 2; -webkit-text-stroke-width: 0px; text-decoration-thickness: initial; text-decoration-style: initial; text-decoration-color: initial; word-spacing: 0px; margin: 0in 0in 19.5pt 0in;\"><em>KAS zgjodhi ta rr\u00ebzonte k\u00ebt\u00eb k\u00ebrkes\u00eb sepse subjekti ankues k\u00ebrkoi t\u00eb merrte informacion nga 19 institucione. Nuk ka b\u00ebr\u00eb p\u00ebrpjekje p\u00ebr marrjen e provave. Ky \u00ebsht\u00eb nj\u00eb kusht q\u00eb duhet t\u00eb demonstrohet n\u00eb momentin e marrjes s\u00eb prov\u00ebs.<\/em><\/p>\n<p style=\"background: white; -webkit-tap-highlight-color: transparent !important; box-sizing: border-box; overflow-wrap: break-word; font-variant-ligatures: normal; font-variant-caps: normal; orphans: 2; widows: 2; -webkit-text-stroke-width: 0px; text-decoration-thickness: initial; text-decoration-style: initial; text-decoration-color: initial; word-spacing: 0px; margin: 0in 0in 19.5pt 0in;\"><em>Informacionet e k\u00ebrkuara nuk g\u00ebzojn\u00eb cil\u00ebsin\u00eb e prov\u00ebs dhe nuk mund t\u00eb k\u00ebrkohen si t\u00eb tilla. Kodi garanton t\u00eb drejt\u00ebn p\u00ebr t\u00eb marr\u00eb prova, por asnj\u00eb nga k\u00ebrkesat nuk p\u00ebrb\u00ebn prova. K\u00ebrkimi nga institucionet shtet\u00ebrore t\u00eb provare sic jan\u00eb kall\u00ebzime penale, nuk jan\u00eb dhe nuk mund t\u00eb merren si prova\u201d<\/em>, tha Bele.<br style=\"-webkit-tap-highlight-color: transparent !important; box-sizing: border-box;\" \/><br style=\"-webkit-tap-highlight-color: transparent !important; box-sizing: border-box;\" \/>Nd\u00ebrkoh\u00eb, relatori i KAS b\u00ebri me dije se me shumic\u00eb votash jan\u00eb pranuar k\u00ebrkesat e dy an\u00ebtar\u00ebve, p\u00ebr dy prova t\u00eb ndryshme.<br style=\"-webkit-tap-highlight-color: transparent !important; box-sizing: border-box;\" \/><br style=\"-webkit-tap-highlight-color: transparent !important; box-sizing: border-box;\" \/><em>\u201c- Nj\u00ebra \u00ebsht\u00eb kryq\u00ebzimi i PEI, do i k\u00ebrkohet administrat\u00ebs t\u00eb prodhoj\u00eb kryq\u00ebzimin e PEI-t. M\u00eb rezulton q\u00eb ky informacion \u00ebsht\u00eb tashm\u00eb i ghasth\u00ebm. Ne e kemi.<\/em><\/p>\n<p style=\"background: white; -webkit-tap-highlight-color: transparent !important; box-sizing: border-box; overflow-wrap: break-word; font-variant-ligatures: normal; font-variant-caps: normal; orphans: 2; widows: 2; -webkit-text-stroke-width: 0px; text-decoration-thickness: initial; text-decoration-style: initial; text-decoration-color: initial; word-spacing: 0px; margin: 0in 0in 19.5pt 0in;\"><em>\u2013 U k\u00ebrkua dhe marrja e nj\u00eb prove, identifikimi i nj\u00eb numri t\u00eb caktuar zgjedh\u00ebsish. Zoti Logu k\u00ebrkoi rreth 300. Ne na rezultoi q\u00eb ja\u00ebn\u00eb rreth 150. Dy an\u00ebtar\u00ebt mendojn\u00eb se kjo vlen\u00eb dhe si material zgjedhor do merret\u201d<\/em>, shtoi ai.<\/p>\n","protected":false},"excerpt":{"rendered":"<p>Komisioni i Ankesave dhe Sanksioneve rr\u00ebzon k\u00ebrkes\u00ebn e Partis\u00eb Demokratike, t\u00eb mb\u00ebshtetur dhe nga LSI, p\u00ebr t\u00eb marr\u00eb informacion p\u00ebr disa \u201cprova\u201d q\u00eb sipas tyre kan\u00eb lidhje me procesin zgjedhor. Por me shumic\u00eb votash, an\u00ebtar\u00ebt e KAS kan\u00eb rr\u00ebzuar k\u00ebrkes\u00ebn.Sipas relatorit Koli Bele, \u201cprovat\u201d q\u00eb k\u00ebrkonte PD nga 19 institucione shtet\u00ebrore nuk kan\u00eb lidhje me [&hellip;]<\/p>\n","protected":false},"author":2030,"featured_media":184268,"comment_status":"closed","ping_status":"closed","sticky":false,"template":"","format":"standard","meta":{"footnotes":""},"categories":[241,1454],"tags":[],"class_list":{"0":"post-184267","1":"post","2":"type-post","3":"status-publish","4":"format-standard","5":"has-post-thumbnail","7":"category-aktualitet","8":"category-politike"},"_links":{"self":[{"href":"https:\/\/zjarr.tv\/sq\/wp-json\/wp\/v2\/posts\/184267","targetHints":{"allow":["GET"]}}],"collection":[{"href":"https:\/\/zjarr.tv\/sq\/wp-json\/wp\/v2\/posts"}],"about":[{"href":"https:\/\/zjarr.tv\/sq\/wp-json\/wp\/v2\/types\/post"}],"author":[{"embeddable":true,"href":"https:\/\/zjarr.tv\/sq\/wp-json\/wp\/v2\/users\/2030"}],"replies":[{"embeddable":true,"href":"https:\/\/zjarr.tv\/sq\/wp-json\/wp\/v2\/comments?post=184267"}],"version-history":[{"count":0,"href":"https:\/\/zjarr.tv\/sq\/wp-json\/wp\/v2\/posts\/184267\/revisions"}],"wp:featuredmedia":[{"embeddable":true,"href":"https:\/\/zjarr.tv\/sq\/wp-json\/wp\/v2\/media\/184268"}],"wp:attachment":[{"href":"https:\/\/zjarr.tv\/sq\/wp-json\/wp\/v2\/media?parent=184267"}],"wp:term":[{"taxonomy":"category","embeddable":true,"href":"https:\/\/zjarr.tv\/sq\/wp-json\/wp\/v2\/categories?post=184267"},{"taxonomy":"post_tag","embeddable":true,"href":"https:\/\/zjarr.tv\/sq\/wp-json\/wp\/v2\/tags?post=184267"}],"curies":[{"name":"wp","href":"https:\/\/api.w.org\/{rel}","templated":true}]}}