{"id":184283,"date":"2021-05-24T12:34:40","date_gmt":"2021-05-24T10:34:40","guid":{"rendered":"https:\/\/zjarr.tv\/?p=184283"},"modified":"2021-05-24T12:34:40","modified_gmt":"2021-05-24T10:34:40","slug":"ilir-meta-refuzoi-thirrjen-e-fundit-per-te-deshmuar-komisioni-hetimor-ligji-parashikon-marrjen-me-force-te-presidentit","status":"publish","type":"post","link":"https:\/\/zjarr.tv\/sq\/ilir-meta-refuzoi-thirrjen-e-fundit-per-te-deshmuar-komisioni-hetimor-ligji-parashikon-marrjen-me-force-te-presidentit\/","title":{"rendered":"Ilir Meta refuzoi thirrjen e fundit p\u00ebr t\u00eb d\u00ebshmuar\/ Komisioni Hetimor: Ligji parashikon marrjen me forc\u00eb t\u00eb Presidentit\u2026"},"content":{"rendered":"<p>Presidenti Ilir Meta,\u00a0ka refuzuar sot thirrjen e fundit t\u00eb Komisionit Hetimor, p\u00ebr t\u00eb marr\u00eb pjes\u00eb n\u00eb procesin e ngritur p\u00ebr shkeljet q\u00eb Kuvendi pretendon se ai ka kryer, para, gjat\u00eb dhe pas fushat\u00ebs Zgjedhore t\u00eb 25 Prillit.<\/p>\n<p>\u201cPresidenti i Republik\u00ebs nuk mund t\u00eb diskutoj\u00eb, por dhe as t\u00eb d\u00ebgjohet nga nj\u00eb struktur\u00eb e ngritur n\u00eb Kuvend, q\u00eb nuk ka legjitimitet dhe nuk duhet t\u00eb ekzistoj\u00eb sipas Kushtetut\u00ebs dhe ligjit\u201d, shkruante Meta nd\u00ebr t\u00eb tjera n\u00eb letr\u00ebn e tij p\u00ebr mosmarrjen pjes\u00eb n\u00eb Komision.<\/p>\n<p>Nd\u00ebrkoh\u00eb, p\u00ebrfaq\u00ebsuesja e mazhoranc\u00ebs n\u00eb Komisionin Hetimor Klotilda Bushka b\u00ebri t\u00eb ditur se Kodi i Procedur\u00ebs Penale parashikon se Presidenti i Republik\u00ebs mund t\u00eb thirret me forc\u00eb, p\u00ebr \u201ct\u00eb d\u00ebshmuar\u201d n\u00eb procesin e iniciuar nga Kuvendi kund\u00ebr tij.<\/p>\n<p>Megjithat\u00eb, Bushka tha se edhe p\u00ebrse Kodi i Procedur\u00ebs Penale e parashikon, \u201cnuk \u00ebsht\u00eb e nevojshme\u201d q\u00eb Meta t\u00eb merret me forc\u00eb p\u00ebrderisa ai nuk ka \u201cvet\u00eb vullnet t\u00eb paraqitet\u201d.<\/p>\n<p>\u201cMund t\u00eb k\u00ebrkohet ardhja me forc\u00eb e personit para Komisionit. Komisioni ka faktuar n\u00eb m\u00ebnyr\u00eb t\u00eb drejt\u00eb ardhjen dhe d\u00ebgjes\u00ebn e Presidenti t\u00eb Republik\u00ebs.<\/p>\n<p>Mungon vullneti i Presidentit, p\u00ebr t\u00eb marr\u00eb pjes\u00eb n\u00eb k\u00ebt\u00eb Komision sepse nuk e njeh Komisionin. E konsideron procesdur\u00eb fiktive q\u00eb po p\u00ebrdoret nga mazhoranca kund\u00ebr Presidentit. Pra, sipas Presidenti s\u00ebrish fajin e ka Kuvendi. Kodi i Procedur\u00ebs Penal i parashikon t\u00eb gjitha mjetet p\u00ebr ta marr\u00eb me forc\u00eb, por un\u00eb nuk e konsideroj t\u00eb nevojshme n\u00ebse s\u2019ka vullnet p\u00ebr t\u2019u paraqitur vet\u00eb\u201d, tha Bushka.<\/p>\n<p>&nbsp;<\/p>\n","protected":false},"excerpt":{"rendered":"<p>Presidenti Ilir Meta,\u00a0ka refuzuar sot thirrjen e fundit t\u00eb Komisionit Hetimor, p\u00ebr t\u00eb marr\u00eb pjes\u00eb n\u00eb procesin e ngritur p\u00ebr shkeljet q\u00eb Kuvendi pretendon se ai ka kryer, para, gjat\u00eb dhe pas fushat\u00ebs Zgjedhore t\u00eb 25 Prillit. \u201cPresidenti i Republik\u00ebs nuk mund t\u00eb diskutoj\u00eb, por dhe as t\u00eb d\u00ebgjohet nga nj\u00eb struktur\u00eb e ngritur n\u00eb [&hellip;]<\/p>\n","protected":false},"author":2016,"featured_media":184285,"comment_status":"closed","ping_status":"closed","sticky":false,"template":"","format":"standard","meta":{"footnotes":""},"categories":[241],"tags":[3261],"class_list":{"0":"post-184283","1":"post","2":"type-post","3":"status-publish","4":"format-standard","5":"has-post-thumbnail","7":"category-aktualitet","8":"tag-lajme-zjarr-meta-refuzoi-thirrjen-e-fundit-per-te-deshmuar-zjarr-tv"},"_links":{"self":[{"href":"https:\/\/zjarr.tv\/sq\/wp-json\/wp\/v2\/posts\/184283","targetHints":{"allow":["GET"]}}],"collection":[{"href":"https:\/\/zjarr.tv\/sq\/wp-json\/wp\/v2\/posts"}],"about":[{"href":"https:\/\/zjarr.tv\/sq\/wp-json\/wp\/v2\/types\/post"}],"author":[{"embeddable":true,"href":"https:\/\/zjarr.tv\/sq\/wp-json\/wp\/v2\/users\/2016"}],"replies":[{"embeddable":true,"href":"https:\/\/zjarr.tv\/sq\/wp-json\/wp\/v2\/comments?post=184283"}],"version-history":[{"count":0,"href":"https:\/\/zjarr.tv\/sq\/wp-json\/wp\/v2\/posts\/184283\/revisions"}],"wp:featuredmedia":[{"embeddable":true,"href":"https:\/\/zjarr.tv\/sq\/wp-json\/wp\/v2\/media\/184285"}],"wp:attachment":[{"href":"https:\/\/zjarr.tv\/sq\/wp-json\/wp\/v2\/media?parent=184283"}],"wp:term":[{"taxonomy":"category","embeddable":true,"href":"https:\/\/zjarr.tv\/sq\/wp-json\/wp\/v2\/categories?post=184283"},{"taxonomy":"post_tag","embeddable":true,"href":"https:\/\/zjarr.tv\/sq\/wp-json\/wp\/v2\/tags?post=184283"}],"curies":[{"name":"wp","href":"https:\/\/api.w.org\/{rel}","templated":true}]}}