{"id":184287,"date":"2021-05-24T12:47:48","date_gmt":"2021-05-24T10:47:48","guid":{"rendered":"https:\/\/zjarr.tv\/?p=184287"},"modified":"2021-05-24T12:47:48","modified_gmt":"2021-05-24T10:47:48","slug":"tritoli-ne-banesen-e-koordinatorit-te-shijak-reagon-pd-akt-kriminal-kerkojme-zbardhjen-e-ngjarjes-pa-vonesa","status":"publish","type":"post","link":"https:\/\/zjarr.tv\/sq\/tritoli-ne-banesen-e-koordinatorit-te-shijak-reagon-pd-akt-kriminal-kerkojme-zbardhjen-e-ngjarjes-pa-vonesa\/","title":{"rendered":"Tritoli n\u00eb banes\u00ebn e koordinatorit t\u00eb Shijak, reagon PD: Akt kriminal, k\u00ebrkojm\u00eb zbardhjen e ngjarjes pa vonesa"},"content":{"rendered":"<p style=\"background: white; margin: 0in 0in 19.5pt 0in;\">Partia Demokratike ka reaguar pas ngjarjes ku drejtuesit t\u00eb PD n\u00eb Shijak, Ilgnor Vora mbr\u00ebmjen e djeshme iu vu tritol n\u00eb banes\u00eb.<\/p>\n<p style=\"background: white; -webkit-tap-highlight-color: transparent !important; box-sizing: border-box; overflow-wrap: break-word; font-variant-ligatures: normal; font-variant-caps: normal; orphans: 2; widows: 2; -webkit-text-stroke-width: 0px; text-decoration-thickness: initial; text-decoration-style: initial; text-decoration-color: initial; word-spacing: 0px; margin: 0in 0in 19.5pt 0in;\">PD n\u00eb nj\u00eb reagim shprehet se ky \u00ebsht\u00eb nj\u00eb akt kriminal i papranuesh\u00ebm dhe k\u00ebrkon q\u00eb zbardhet sa m\u00eb shpejet dhe ator\u00ebt t\u00eb vihen n\u00eb pranga.<\/p>\n<p style=\"background: white; -webkit-tap-highlight-color: transparent !important; box-sizing: border-box; overflow-wrap: break-word; font-variant-ligatures: normal; font-variant-caps: normal; orphans: 2; widows: 2; -webkit-text-stroke-width: 0px; text-decoration-thickness: initial; text-decoration-style: initial; text-decoration-color: initial; word-spacing: 0px; margin: 0in 0in 19.5pt 0in;\"><em>\u201cPartia Demokratike ka ndjekur me shqet\u00ebsim informacionin p\u00ebr sulmin me l\u00ebnd\u00eb plas\u00ebse n\u00eb banes\u00ebn e drejtuesit t\u00eb Partis\u00eb Demokratike n\u00eb qytetin e Shijakut.<\/em><\/p>\n<p style=\"background: white; -webkit-tap-highlight-color: transparent !important; box-sizing: border-box; overflow-wrap: break-word; font-variant-ligatures: normal; font-variant-caps: normal; orphans: 2; widows: 2; -webkit-text-stroke-width: 0px; text-decoration-thickness: initial; text-decoration-style: initial; text-decoration-color: initial; word-spacing: 0px; margin: 0in 0in 19.5pt 0in;\"><em>Duke i shprehur t\u00eb gjith\u00eb solidaritetin familjes Vora, ne e konsideruar k\u00ebt\u00eb akt kriminal t\u00eb papranuesh\u00ebm, t\u00eb r\u00ebnd\u00eb dhe k\u00ebrkojm\u00eb zbardhjen pa vonesa t\u00eb k\u00ebsaj ngjarje dhe v\u00ebnien menj\u00ebher\u00eb p\u00ebrpara p\u00ebrgjegj\u00ebsis\u00eb t\u00eb autor\u00ebve.<\/em><\/p>\n<p style=\"background: white; -webkit-tap-highlight-color: transparent !important; box-sizing: border-box; overflow-wrap: break-word; font-variant-ligatures: normal; font-variant-caps: normal; orphans: 2; widows: 2; -webkit-text-stroke-width: 0px; text-decoration-thickness: initial; text-decoration-style: initial; text-decoration-color: initial; word-spacing: 0px; margin: 0in 0in 19.5pt 0in;\"><em>Ngjarje t\u00eb r\u00ebnda si kjo dhe aktet kriminale t\u00eb koh\u00ebve t\u00eb fundit, jan\u00eb thirrje ul\u00ebrit\u00ebse p\u00ebr organet ligjzbatuese p\u00ebr t\u00eb vepruar me shpejt\u00ebsi, profesionaliz\u00ebn dhe paan\u00ebsi p\u00ebr mbrojtjen e rendit dhe siguris\u00eb publike, si dhe jet\u00ebs e pron\u00ebs s\u00eb qytetar\u00ebve<\/em>,\u201d thuhet n\u00eb deklarat\u00ebn e PD.<\/p>\n<p style=\"background: white; -webkit-tap-highlight-color: transparent !important; box-sizing: border-box; overflow-wrap: break-word; font-variant-ligatures: normal; font-variant-caps: normal; orphans: 2; widows: 2; -webkit-text-stroke-width: 0px; text-decoration-thickness: initial; text-decoration-style: initial; text-decoration-color: initial; word-spacing: 0px; margin: 0in 0in 19.5pt 0in;\">Ilgnor Vor\u00ebs \u00ebsht\u00eb kryetar i grup seksionit t\u00eb Partis\u00eb Demokratike n\u00eb Shijak.<\/p>\n","protected":false},"excerpt":{"rendered":"<p>Partia Demokratike ka reaguar pas ngjarjes ku drejtuesit t\u00eb PD n\u00eb Shijak, Ilgnor Vora mbr\u00ebmjen e djeshme iu vu tritol n\u00eb banes\u00eb. PD n\u00eb nj\u00eb reagim shprehet se ky \u00ebsht\u00eb nj\u00eb akt kriminal i papranuesh\u00ebm dhe k\u00ebrkon q\u00eb zbardhet sa m\u00eb shpejet dhe ator\u00ebt t\u00eb vihen n\u00eb pranga. \u201cPartia Demokratike ka ndjekur me shqet\u00ebsim informacionin [&hellip;]<\/p>\n","protected":false},"author":2030,"featured_media":184160,"comment_status":"closed","ping_status":"closed","sticky":false,"template":"","format":"standard","meta":{"footnotes":""},"categories":[241,1454],"tags":[],"class_list":{"0":"post-184287","1":"post","2":"type-post","3":"status-publish","4":"format-standard","5":"has-post-thumbnail","7":"category-aktualitet","8":"category-politike"},"_links":{"self":[{"href":"https:\/\/zjarr.tv\/sq\/wp-json\/wp\/v2\/posts\/184287","targetHints":{"allow":["GET"]}}],"collection":[{"href":"https:\/\/zjarr.tv\/sq\/wp-json\/wp\/v2\/posts"}],"about":[{"href":"https:\/\/zjarr.tv\/sq\/wp-json\/wp\/v2\/types\/post"}],"author":[{"embeddable":true,"href":"https:\/\/zjarr.tv\/sq\/wp-json\/wp\/v2\/users\/2030"}],"replies":[{"embeddable":true,"href":"https:\/\/zjarr.tv\/sq\/wp-json\/wp\/v2\/comments?post=184287"}],"version-history":[{"count":0,"href":"https:\/\/zjarr.tv\/sq\/wp-json\/wp\/v2\/posts\/184287\/revisions"}],"wp:featuredmedia":[{"embeddable":true,"href":"https:\/\/zjarr.tv\/sq\/wp-json\/wp\/v2\/media\/184160"}],"wp:attachment":[{"href":"https:\/\/zjarr.tv\/sq\/wp-json\/wp\/v2\/media?parent=184287"}],"wp:term":[{"taxonomy":"category","embeddable":true,"href":"https:\/\/zjarr.tv\/sq\/wp-json\/wp\/v2\/categories?post=184287"},{"taxonomy":"post_tag","embeddable":true,"href":"https:\/\/zjarr.tv\/sq\/wp-json\/wp\/v2\/tags?post=184287"}],"curies":[{"name":"wp","href":"https:\/\/api.w.org\/{rel}","templated":true}]}}