{"id":184292,"date":"2021-05-24T12:52:59","date_gmt":"2021-05-24T10:52:59","guid":{"rendered":"https:\/\/zjarr.tv\/?p=184292"},"modified":"2021-05-24T12:52:59","modified_gmt":"2021-05-24T10:52:59","slug":"kerkoi-zbutjen-e-mases-se-sigurise-gjykata-speciale-ardian-capja-mbetet-ne-burg","status":"publish","type":"post","link":"https:\/\/zjarr.tv\/sq\/kerkoi-zbutjen-e-mases-se-sigurise-gjykata-speciale-ardian-capja-mbetet-ne-burg\/","title":{"rendered":"K\u00ebrkoi zbutjen e mas\u00ebs s\u00eb siguris\u00eb, Gjykata Speciale: Ardian \u00c7apja mbetet n\u00eb burg"},"content":{"rendered":"<p>Gjykata Speciale SPAK ka refuzuar k\u00ebrkes\u00ebn e Ardian \u00c7apjas, i cili ka k\u00ebrkuar t\u2019i ndryshohet masa e siguris\u00eb.<\/p>\n<p>P\u00ebrmes avokatit t\u00eb tij, Ardian \u00c7apja ka k\u00ebrkuar nga Gjykata e Posa\u00e7me e Apelit ndryshimin e mas\u00ebs, n\u00eb nj\u00eb vendim m\u00eb t\u00eb leht\u00eb. Mir\u00ebpo SPAK ka vendosur q\u00eb \u00c7apja t\u00eb mbetet n\u00eb burg.<\/p>\n<p>Kujtojm\u00eb q\u00eb \u00c7apja akuzohet p\u00ebr vrasjen e bab\u00eb e bir (Gentian dhe Nezir Beqiri) n\u00eb vitin 2012.<\/p>\n<p>Ardjan \u00c7apja 53 vje\u00e7ari njihet si nj\u00eb person me ndikim n\u00eb qytetin e Elbasanit, dhe i p\u00ebrfshir\u00eb n\u00eb disa ngjarje kriminale, n\u00eb t\u00eb shumt\u00ebn e rasteve si \u201csh\u00ebnjest\u00ebr\u201d atentatesh. Ardjan \u00c7apja u ka mbijetuar 4 atentateve, i fundit i ndodhur n\u00eb qershor 2020.<\/p>\n<p><strong>Vrasja e Gentian dhe Nezir Beqirit<\/strong><\/p>\n<p>Gentian Beqiri ka qen\u00eb d\u00ebnuar si i implikuar n\u00eb vrasjen e biznesmenit Sokol \u00c7apja, n\u00eb vitin 2005. Ai q\u00ebndronte n\u00eb sht\u00ebpin\u00eb e tij n\u00eb Elbasan dhe ruhej nga Policia. Si i p\u00ebrfshir\u00eb n\u00eb k\u00ebt\u00eb vrasjes \u00ebsht\u00eb ekstraduar nga Italia Etien Cani.<\/p>\n<p>Duke qen\u00eb se ky i fundit ishte shok f\u00ebmij\u00ebrie me Beqirin, ai u lejua nga efektiv\u00ebt e Policis\u00eb q\u00eb t\u00eb futej n\u00eb sht\u00ebpin\u00eb e tij. Aty, u ekzekutuan Gentian Beqiri dhe babai i tij Nezir Beqiri. Po n\u00eb lidhje me k\u00ebt\u00eb vrasjes, \u00ebsht\u00eb arrestuar n\u00eb Greqi n\u00eb 2020 shtetasi Jorgo Leku.<\/p>\n<p>Jorgo Leku, 41 vje\u00e7, i njohur edhe me tre identitete t\u00eb tjera si Olsi Leka alias Giorgo Lekou alias Jorgo Lekou \u00ebsht\u00eb v\u00ebn\u00eb n\u00eb pranga nga Interpol Athina pasi ishte shpallur n\u00eb k\u00ebrkim nga autoritetet shqiptare p\u00ebr vrasjen e 15 gushtit 2012.<\/p>\n<p>Sipas Policis\u00eb, Ardian \u00c7apja dhe Florenc \u00c7apja, n\u00eb vitin 2012 dyshohet se n\u00eb bashk\u00ebpunim edhe me shtetas t\u00eb tjer\u00eb, kan\u00eb vrar\u00eb me arm\u00eb zjarri shtetasit Gentian Beqiri dhe Nezir Beqiri (bab\u00eb e bir).<\/p>\n","protected":false},"excerpt":{"rendered":"<p>Gjykata Speciale SPAK ka refuzuar k\u00ebrkes\u00ebn e Ardian \u00c7apjas, i cili ka k\u00ebrkuar t\u2019i ndryshohet masa e siguris\u00eb. P\u00ebrmes avokatit t\u00eb tij, Ardian \u00c7apja ka k\u00ebrkuar nga Gjykata e Posa\u00e7me e Apelit ndryshimin e mas\u00ebs, n\u00eb nj\u00eb vendim m\u00eb t\u00eb leht\u00eb. Mir\u00ebpo SPAK ka vendosur q\u00eb \u00c7apja t\u00eb mbetet n\u00eb burg. Kujtojm\u00eb q\u00eb \u00c7apja akuzohet [&hellip;]<\/p>\n","protected":false},"author":2030,"featured_media":184293,"comment_status":"closed","ping_status":"closed","sticky":false,"template":"","format":"standard","meta":{"footnotes":""},"categories":[241],"tags":[],"class_list":{"0":"post-184292","1":"post","2":"type-post","3":"status-publish","4":"format-standard","5":"has-post-thumbnail","7":"category-aktualitet"},"_links":{"self":[{"href":"https:\/\/zjarr.tv\/sq\/wp-json\/wp\/v2\/posts\/184292","targetHints":{"allow":["GET"]}}],"collection":[{"href":"https:\/\/zjarr.tv\/sq\/wp-json\/wp\/v2\/posts"}],"about":[{"href":"https:\/\/zjarr.tv\/sq\/wp-json\/wp\/v2\/types\/post"}],"author":[{"embeddable":true,"href":"https:\/\/zjarr.tv\/sq\/wp-json\/wp\/v2\/users\/2030"}],"replies":[{"embeddable":true,"href":"https:\/\/zjarr.tv\/sq\/wp-json\/wp\/v2\/comments?post=184292"}],"version-history":[{"count":0,"href":"https:\/\/zjarr.tv\/sq\/wp-json\/wp\/v2\/posts\/184292\/revisions"}],"wp:featuredmedia":[{"embeddable":true,"href":"https:\/\/zjarr.tv\/sq\/wp-json\/wp\/v2\/media\/184293"}],"wp:attachment":[{"href":"https:\/\/zjarr.tv\/sq\/wp-json\/wp\/v2\/media?parent=184292"}],"wp:term":[{"taxonomy":"category","embeddable":true,"href":"https:\/\/zjarr.tv\/sq\/wp-json\/wp\/v2\/categories?post=184292"},{"taxonomy":"post_tag","embeddable":true,"href":"https:\/\/zjarr.tv\/sq\/wp-json\/wp\/v2\/tags?post=184292"}],"curies":[{"name":"wp","href":"https:\/\/api.w.org\/{rel}","templated":true}]}}