{"id":184304,"date":"2021-05-24T14:02:59","date_gmt":"2021-05-24T12:02:59","guid":{"rendered":"https:\/\/zjarr.tv\/?p=184304"},"modified":"2021-05-24T14:02:59","modified_gmt":"2021-05-24T12:02:59","slug":"e-akuzoi-si-agjent-te-serbise-kurti-takohet-te-marten-me-haradinajn-ceshtjet-per-te-cilat-do-te-diskutojne","status":"publish","type":"post","link":"https:\/\/zjarr.tv\/sq\/e-akuzoi-si-agjent-te-serbise-kurti-takohet-te-marten-me-haradinajn-ceshtjet-per-te-cilat-do-te-diskutojne\/","title":{"rendered":"E akuzoi si agjent t\u00eb Serbis\u00eb, Kurti takohet t\u00eb mart\u00ebn me Haradinajn, \u00e7\u00ebshtjet p\u00ebr t\u00eb cilat do t\u00eb diskutojn\u00eb"},"content":{"rendered":"<p>Kryeministri i Kosov\u00ebs, Albin Kurti gjat\u00eb dit\u00ebs s\u00eb mart\u00eb do t\u00eb takohet me liderin e Aleanc\u00ebs p\u00ebr Ardhm\u00ebrin\u00eb e Kosov\u00ebs, Ramush Haradinaj, nd\u00ebrsa nj\u00eb dit\u00eb pas do ta takoj kryetarin e Lidhjes Demokratike t\u00eb Kosov\u00ebs, Lumir Abdixhiku.<\/p>\n<p>P\u00ebr dallim nga Abdixhiku dhe Haradinaj, PDK ka refuzuar takimin ftuar nga Kurti.<\/p>\n<p>Dit\u00eb m\u00eb par\u00eb, Kurti i kishte d\u00ebrguar nga nj\u00eb let\u00ebr lider\u00ebve t\u00eb partive parlamentare p\u00ebr t\u2019u takuar dhe koordinuar p\u00ebr \u00e7\u00ebshtjet politike.<\/p>\n","protected":false},"excerpt":{"rendered":"<p>Kryeministri i Kosov\u00ebs, Albin Kurti gjat\u00eb dit\u00ebs s\u00eb mart\u00eb do t\u00eb takohet me liderin e Aleanc\u00ebs p\u00ebr Ardhm\u00ebrin\u00eb e Kosov\u00ebs, Ramush Haradinaj, nd\u00ebrsa nj\u00eb dit\u00eb pas do ta takoj kryetarin e Lidhjes Demokratike t\u00eb Kosov\u00ebs, Lumir Abdixhiku. P\u00ebr dallim nga Abdixhiku dhe Haradinaj, PDK ka refuzuar takimin ftuar nga Kurti. Dit\u00eb m\u00eb par\u00eb, Kurti i [&hellip;]<\/p>\n","protected":false},"author":2030,"featured_media":184305,"comment_status":"closed","ping_status":"closed","sticky":false,"template":"","format":"standard","meta":{"footnotes":""},"categories":[241,2006,1454],"tags":[],"class_list":{"0":"post-184304","1":"post","2":"type-post","3":"status-publish","4":"format-standard","5":"has-post-thumbnail","7":"category-aktualitet","8":"category-kosova","9":"category-politike"},"_links":{"self":[{"href":"https:\/\/zjarr.tv\/sq\/wp-json\/wp\/v2\/posts\/184304","targetHints":{"allow":["GET"]}}],"collection":[{"href":"https:\/\/zjarr.tv\/sq\/wp-json\/wp\/v2\/posts"}],"about":[{"href":"https:\/\/zjarr.tv\/sq\/wp-json\/wp\/v2\/types\/post"}],"author":[{"embeddable":true,"href":"https:\/\/zjarr.tv\/sq\/wp-json\/wp\/v2\/users\/2030"}],"replies":[{"embeddable":true,"href":"https:\/\/zjarr.tv\/sq\/wp-json\/wp\/v2\/comments?post=184304"}],"version-history":[{"count":0,"href":"https:\/\/zjarr.tv\/sq\/wp-json\/wp\/v2\/posts\/184304\/revisions"}],"wp:featuredmedia":[{"embeddable":true,"href":"https:\/\/zjarr.tv\/sq\/wp-json\/wp\/v2\/media\/184305"}],"wp:attachment":[{"href":"https:\/\/zjarr.tv\/sq\/wp-json\/wp\/v2\/media?parent=184304"}],"wp:term":[{"taxonomy":"category","embeddable":true,"href":"https:\/\/zjarr.tv\/sq\/wp-json\/wp\/v2\/categories?post=184304"},{"taxonomy":"post_tag","embeddable":true,"href":"https:\/\/zjarr.tv\/sq\/wp-json\/wp\/v2\/tags?post=184304"}],"curies":[{"name":"wp","href":"https:\/\/api.w.org\/{rel}","templated":true}]}}