{"id":184326,"date":"2021-05-24T14:56:33","date_gmt":"2021-05-24T12:56:33","guid":{"rendered":"https:\/\/zjarr.tv\/?p=184326"},"modified":"2021-05-24T14:56:33","modified_gmt":"2021-05-24T12:56:33","slug":"tomini-jep-lajmin-e-mire-ne-fund-te-majit-do-te-kete-lehtesim-te-masave-ja-do-kur-marrin-dozen-e-dyte-te-sinovac-personat-qe-iu-shty-data","status":"publish","type":"post","link":"https:\/\/zjarr.tv\/sq\/tomini-jep-lajmin-e-mire-ne-fund-te-majit-do-te-kete-lehtesim-te-masave-ja-do-kur-marrin-dozen-e-dyte-te-sinovac-personat-qe-iu-shty-data\/","title":{"rendered":"Tomini jep lajmin e MIR\u00cb: N\u00eb fund t\u00eb majit do t\u00eb ket\u00eb leht\u00ebsim t\u00eb masave, ja do kur marrin doz\u00ebn e dyt\u00eb t\u00eb Sinovac personat q\u00eb iu shty data"},"content":{"rendered":"<p style=\"background: white; margin: 0in 0in 19.5pt 0in;\">Z\u00ebvend\u00ebsministrja e Sh\u00ebndet\u00ebsis\u00eb, Eugena Tomini ka deklaruar se n\u00eb fund t\u00eb majit \u00ebsht\u00eb parashikuar p\u00ebr nj\u00eb leht\u00ebsim t\u00eb masave, duke iu referuar situat\u00ebs s\u00eb pandemis\u00eb n\u00eb vend.<\/p>\n<p style=\"background: white; -webkit-tap-highlight-color: transparent !important; box-sizing: border-box; overflow-wrap: break-word; font-variant-ligatures: normal; font-variant-caps: normal; orphans: 2; widows: 2; -webkit-text-stroke-width: 0px; text-decoration-thickness: initial; text-decoration-style: initial; text-decoration-color: initial; word-spacing: 0px; margin: 0in 0in 19.5pt 0in;\">Lidhur me mbajtjen e maskave, Tomini sugjeroi q\u00eb ajo t\u00eb hiqet n\u00eb ambientet e jashtme.<\/p>\n<p style=\"background: white; -webkit-tap-highlight-color: transparent !important; box-sizing: border-box; overflow-wrap: break-word; font-variant-ligatures: normal; font-variant-caps: normal; orphans: 2; widows: 2; -webkit-text-stroke-width: 0px; text-decoration-thickness: initial; text-decoration-style: initial; text-decoration-color: initial; word-spacing: 0px; margin: 0in 0in 19.5pt 0in;\"><em>\u201cT\u00eb gjith\u00eb do e donim nj\u00eb leht\u00ebsim t\u00eb masave, megjithat\u00eb duhet t\u2019i g\u00ebzohemi faktit q\u00eb Shqip\u00ebria ka qen\u00eb me masa t\u00eb moderuara dhe pandemia ka ecur n\u00eb nivele t\u00eb ul\u00ebta si\u00e7 jemi aktualisht. N\u00eb fund t\u00eb majit shpresojm\u00eb\u00a0 t\u00eb leht\u00ebsim t\u00eb masave n\u00eb orar apo edhe p\u00ebr bizneset. Deri n\u00eb k\u00ebto momente do t\u00eb vijojm\u00eb m\u00eb k\u00ebto masa. Un\u00eb do t\u00eb preferoja nj\u00eb leht\u00ebsim p\u00ebr sa i p\u00ebrket maskave t\u00eb mbajtura n\u00eb ambientet e jashtme, megjithat\u00eb duhet t\u00eb jemi t\u00eb rezervuar p\u00ebrkundrejt situat\u00ebs pasi Europa sapo \u00ebsht\u00eb leht\u00ebsuar nga pandemia dhe besojm\u00eb q\u00eb n\u00eb fund maji mund t\u00eb ket\u00eb leht\u00ebsime\u201d,<\/em> u shpreh Tomini.<\/p>\n<p style=\"background: white; -webkit-tap-highlight-color: transparent !important; box-sizing: border-box; overflow-wrap: break-word; font-variant-ligatures: normal; font-variant-caps: normal; orphans: 2; widows: 2; -webkit-text-stroke-width: 0px; text-decoration-thickness: initial; text-decoration-style: initial; text-decoration-color: initial; word-spacing: 0px; margin: 0in 0in 19.5pt 0in;\">Nd\u00ebr t\u00eb tjera Zv.ministrja Tomini theksoi se doza e dyt\u00eb e vaksin\u00ebs do t\u00eb filloj\u00eb aty ku u pezullua dhe se k\u00ebto persona do t\u00eb njoftohen nga mjeku i familjes p\u00ebr t\u00eb marr\u00eb injektimin e vaksin\u00ebs.<\/p>\n<p style=\"background: white; -webkit-tap-highlight-color: transparent !important; box-sizing: border-box; overflow-wrap: break-word; font-variant-ligatures: normal; font-variant-caps: normal; orphans: 2; widows: 2; -webkit-text-stroke-width: 0px; text-decoration-thickness: initial; text-decoration-style: initial; text-decoration-color: initial; word-spacing: 0px; margin: 0in 0in 19.5pt 0in;\">\u201c<em>Do t\u00eb operohet me t\u00eb gjith\u00eb dozat e ardhura p\u00ebrkundrejt dozave t\u00eb dyta t\u00eb aplikuara n\u00eb popullat\u00eb k\u00ebtu kishte nj\u00eb ng\u00ebr\u00e7 t\u00eb vog\u00ebl. \u00c7do individ q\u00eb ka pritur doz\u00ebn e dyt\u00eb p\u00ebr t\u00eb b\u00ebr\u00eb Sinovac duhet t\u00eb kontaktoj\u00eb me mjekun e familjes se ku do t\u00eb orientohet dhe dit\u00ebn q\u00eb do e b\u00ebj\u00eb. \u00cbsht\u00eb shum\u00eb e r\u00ebnd\u00ebsishme q\u00eb para dat\u00ebs s\u00eb rekomanduar nuk mund t\u00eb aplikohet doza e dyt\u00eb, por pas k\u00ebsaj date nuk ka asnj\u00eb problem. N\u00eb baz\u00eb t\u00eb nj\u00eb grafiku t\u00eb caktuar qytetar\u00ebt do t\u00eb njoftohen nga mjeku i familjes p\u00ebr t\u00eb marr\u00eb doz\u00ebn e dyt\u00eb\u201d<\/em>, tha Eugena Tomini p\u00ebr Report Tv.<\/p>\n","protected":false},"excerpt":{"rendered":"<p>Z\u00ebvend\u00ebsministrja e Sh\u00ebndet\u00ebsis\u00eb, Eugena Tomini ka deklaruar se n\u00eb fund t\u00eb majit \u00ebsht\u00eb parashikuar p\u00ebr nj\u00eb leht\u00ebsim t\u00eb masave, duke iu referuar situat\u00ebs s\u00eb pandemis\u00eb n\u00eb vend. Lidhur me mbajtjen e maskave, Tomini sugjeroi q\u00eb ajo t\u00eb hiqet n\u00eb ambientet e jashtme. \u201cT\u00eb gjith\u00eb do e donim nj\u00eb leht\u00ebsim t\u00eb masave, megjithat\u00eb duhet t\u2019i g\u00ebzohemi [&hellip;]<\/p>\n","protected":false},"author":2030,"featured_media":184327,"comment_status":"closed","ping_status":"closed","sticky":false,"template":"","format":"standard","meta":{"footnotes":""},"categories":[241],"tags":[],"class_list":{"0":"post-184326","1":"post","2":"type-post","3":"status-publish","4":"format-standard","5":"has-post-thumbnail","7":"category-aktualitet"},"_links":{"self":[{"href":"https:\/\/zjarr.tv\/sq\/wp-json\/wp\/v2\/posts\/184326","targetHints":{"allow":["GET"]}}],"collection":[{"href":"https:\/\/zjarr.tv\/sq\/wp-json\/wp\/v2\/posts"}],"about":[{"href":"https:\/\/zjarr.tv\/sq\/wp-json\/wp\/v2\/types\/post"}],"author":[{"embeddable":true,"href":"https:\/\/zjarr.tv\/sq\/wp-json\/wp\/v2\/users\/2030"}],"replies":[{"embeddable":true,"href":"https:\/\/zjarr.tv\/sq\/wp-json\/wp\/v2\/comments?post=184326"}],"version-history":[{"count":0,"href":"https:\/\/zjarr.tv\/sq\/wp-json\/wp\/v2\/posts\/184326\/revisions"}],"wp:featuredmedia":[{"embeddable":true,"href":"https:\/\/zjarr.tv\/sq\/wp-json\/wp\/v2\/media\/184327"}],"wp:attachment":[{"href":"https:\/\/zjarr.tv\/sq\/wp-json\/wp\/v2\/media?parent=184326"}],"wp:term":[{"taxonomy":"category","embeddable":true,"href":"https:\/\/zjarr.tv\/sq\/wp-json\/wp\/v2\/categories?post=184326"},{"taxonomy":"post_tag","embeddable":true,"href":"https:\/\/zjarr.tv\/sq\/wp-json\/wp\/v2\/tags?post=184326"}],"curies":[{"name":"wp","href":"https:\/\/api.w.org\/{rel}","templated":true}]}}