{"id":184334,"date":"2021-05-24T16:23:18","date_gmt":"2021-05-24T14:23:18","guid":{"rendered":"https:\/\/zjarr.tv\/?p=184334"},"modified":"2021-05-24T16:23:18","modified_gmt":"2021-05-24T14:23:18","slug":"olta-xhacka-denon-arrestimin-e-gazetarit-bjellorus-te-shokuar-nga-ngjarja-i-bashkohemi-hetimit-nderkombetar","status":"publish","type":"post","link":"https:\/\/zjarr.tv\/sq\/olta-xhacka-denon-arrestimin-e-gazetarit-bjellorus-te-shokuar-nga-ngjarja-i-bashkohemi-hetimit-nderkombetar\/","title":{"rendered":"Olta Xha\u00e7ka d\u00ebnon arrestimin e gazetarit bjellorus: T\u00eb shokuar nga ngjarja, i bashkohemi hetimit nd\u00ebrkomb\u00ebtar"},"content":{"rendered":"<p style=\"background: white; margin: 0in 0in 19.5pt 0in;\">Ministrja e Jashtme Olta Xha\u00e7ka ka reaguar n\u00eb lidhje me arrestimin e gazetarit bjellorus dit\u00ebn e djeshme n\u00eb Minsk, teksa avioni me t\u00eb cilin po fluturonte \u00ebsht\u00eb detyruar t\u00eb ulet n\u00eb aeroportin e kryeqytetit bjellorus.<\/p>\n<p style=\"background: white; -webkit-tap-highlight-color: transparent !important; box-sizing: border-box; overflow-wrap: break-word; font-variant-ligatures: normal; font-variant-caps: normal; orphans: 2; widows: 2; -webkit-text-stroke-width: 0px; text-decoration-thickness: initial; text-decoration-style: initial; text-decoration-color: initial; word-spacing: 0px; margin: 0in 0in 19.5pt 0in;\">N\u00eb reagimin e saj, Xha\u00e7ka shprehet se \u00ebsht\u00eb e shokuar nga rr\u00ebmbimi i avionit duke vler\u00ebsuar se Shqip\u00ebria bashkohet p\u00ebr hetim nd\u00ebrkomb\u00ebtar p\u00ebr incidentin e r\u00ebnd\u00eb, teksa shton se d\u00ebshiron lirimin e tij.<\/p>\n<p style=\"background: white; -webkit-tap-highlight-color: transparent !important; box-sizing: border-box; overflow-wrap: break-word; font-variant-ligatures: normal; font-variant-caps: normal; orphans: 2; widows: 2; -webkit-text-stroke-width: 0px; text-decoration-thickness: initial; text-decoration-style: initial; text-decoration-color: initial; word-spacing: 0px; margin: 0in 0in 19.5pt 0in;\">\u201c<em>T\u00eb shokuar nga rr\u00ebmbimi i #Ryanair. Shqip\u00ebria bashkohet me thirrjet p\u00ebr hetim nd\u00ebrkomb\u00ebtar p\u00ebr k\u00ebt\u00eb incident t\u00eb r\u00ebnd\u00eb dhe t\u00eb rreziksh\u00ebm dhe d\u00ebshiron lirimin e #RomanProtasevich<\/em>\u201d, shkruan Xha\u00e7ka n\u00eb Twitter.<\/p>\n<p style=\"background: white; -webkit-tap-highlight-color: transparent !important; box-sizing: border-box; overflow-wrap: break-word; font-variant-ligatures: normal; font-variant-caps: normal; orphans: 2; widows: 2; -webkit-text-stroke-width: 0px; text-decoration-thickness: initial; text-decoration-style: initial; text-decoration-color: initial; word-spacing: 0px; margin: 0in 0in 19.5pt 0in;\">Gazetari bjellorus u arrestua dit\u00ebn e djeshme n\u00eb Minsk, pasi avioni me t\u00eb cilin po fluturonte \u00ebsht\u00eb detyruar t\u00eb ulet n\u00eb aeroportin e kryeqytetit bjellorus.<\/p>\n<p style=\"background: white; -webkit-tap-highlight-color: transparent !important; box-sizing: border-box; overflow-wrap: break-word; font-variant-ligatures: normal; font-variant-caps: normal; orphans: 2; widows: 2; -webkit-text-stroke-width: 0px; text-decoration-thickness: initial; text-decoration-style: initial; text-decoration-color: initial; word-spacing: 0px; margin: 0in 0in 19.5pt 0in;\">Mediet nd\u00ebrkomb\u00ebtare raportuan se qeveria bjelloruse ka sajuar nj\u00eb incident ajror p\u00ebr t\u00eb kryer arrestimin e gazetarit.<\/p>\n<p style=\"background: white; -webkit-tap-highlight-color: transparent !important; box-sizing: border-box; overflow-wrap: break-word; font-variant-ligatures: normal; font-variant-caps: normal; orphans: 2; widows: 2; -webkit-text-stroke-width: 0px; text-decoration-thickness: initial; text-decoration-style: initial; text-decoration-color: initial; word-spacing: 0px; margin: 0in 0in 19.5pt 0in;\">Roman Protasevich, kritik i regjimit t\u00eb presidentit Alexander Lukashenko, jetonte prej vitesh n\u00eb ekzil.<\/p>\n","protected":false},"excerpt":{"rendered":"<p>Ministrja e Jashtme Olta Xha\u00e7ka ka reaguar n\u00eb lidhje me arrestimin e gazetarit bjellorus dit\u00ebn e djeshme n\u00eb Minsk, teksa avioni me t\u00eb cilin po fluturonte \u00ebsht\u00eb detyruar t\u00eb ulet n\u00eb aeroportin e kryeqytetit bjellorus. N\u00eb reagimin e saj, Xha\u00e7ka shprehet se \u00ebsht\u00eb e shokuar nga rr\u00ebmbimi i avionit duke vler\u00ebsuar se Shqip\u00ebria bashkohet p\u00ebr [&hellip;]<\/p>\n","protected":false},"author":2030,"featured_media":184335,"comment_status":"closed","ping_status":"closed","sticky":false,"template":"","format":"standard","meta":{"footnotes":""},"categories":[241,364],"tags":[],"class_list":{"0":"post-184334","1":"post","2":"type-post","3":"status-publish","4":"format-standard","5":"has-post-thumbnail","7":"category-aktualitet","8":"category-koment-opinion"},"_links":{"self":[{"href":"https:\/\/zjarr.tv\/sq\/wp-json\/wp\/v2\/posts\/184334","targetHints":{"allow":["GET"]}}],"collection":[{"href":"https:\/\/zjarr.tv\/sq\/wp-json\/wp\/v2\/posts"}],"about":[{"href":"https:\/\/zjarr.tv\/sq\/wp-json\/wp\/v2\/types\/post"}],"author":[{"embeddable":true,"href":"https:\/\/zjarr.tv\/sq\/wp-json\/wp\/v2\/users\/2030"}],"replies":[{"embeddable":true,"href":"https:\/\/zjarr.tv\/sq\/wp-json\/wp\/v2\/comments?post=184334"}],"version-history":[{"count":0,"href":"https:\/\/zjarr.tv\/sq\/wp-json\/wp\/v2\/posts\/184334\/revisions"}],"wp:featuredmedia":[{"embeddable":true,"href":"https:\/\/zjarr.tv\/sq\/wp-json\/wp\/v2\/media\/184335"}],"wp:attachment":[{"href":"https:\/\/zjarr.tv\/sq\/wp-json\/wp\/v2\/media?parent=184334"}],"wp:term":[{"taxonomy":"category","embeddable":true,"href":"https:\/\/zjarr.tv\/sq\/wp-json\/wp\/v2\/categories?post=184334"},{"taxonomy":"post_tag","embeddable":true,"href":"https:\/\/zjarr.tv\/sq\/wp-json\/wp\/v2\/tags?post=184334"}],"curies":[{"name":"wp","href":"https:\/\/api.w.org\/{rel}","templated":true}]}}