{"id":184346,"date":"2021-05-24T16:48:10","date_gmt":"2021-05-24T14:48:10","guid":{"rendered":"https:\/\/zjarr.tv\/?p=184346"},"modified":"2021-05-24T16:48:10","modified_gmt":"2021-05-24T14:48:10","slug":"nuk-ka-rivotime-ne-gjirokaster-kryemadhi-ankimon-vendimin-e-kas-ne-kolegj-zgjedhor-dokumenti","status":"publish","type":"post","link":"https:\/\/zjarr.tv\/sq\/nuk-ka-rivotime-ne-gjirokaster-kryemadhi-ankimon-vendimin-e-kas-ne-kolegj-zgjedhor-dokumenti\/","title":{"rendered":"\u201cNuk ka rivotime n\u00eb Gjirokast\u00ebr\u201d, Kryemadhi ankimon vendimin e KAS n\u00eb Kolegj Zgjedhor (DOKUMENTI)"},"content":{"rendered":"<p>LSI ka ankimuar n\u00eb Kolegjin Zgjedhor vendimin e KAS p\u00ebr zgjedhjet e 25 prillit n\u00eb qarkun e Gjirokastr\u00ebs. Me an\u00eb t\u00eb nj\u00eb dokumenti zyrtar Kryemadhi k\u00ebrkon nga Kolegji rr\u00ebzimin e vendimit t\u00eb KAS, n\u00eb t\u00eb cilit thuhet se nuk ka rip\u00ebrs\u00ebritje zgjedhjesh n\u00eb Gjirokast\u00ebr.<\/p>\n<p>LSI k\u00ebrkoi k\u00ebrkoi rip\u00ebrs\u00ebritje t\u00eb zgjedhjeve n\u00eb Bashkin\u00eb e Dropullit dhe shpalljen e pavlefshme t\u00eb zgjedhjeve p\u00ebr gjith\u00eb qarkun.<\/p>\n<p>KAS i rr\u00ebzoi k\u00ebto vendime duke l\u00ebn\u00eb n\u00eb fuqi rezultatin e zgjedhjeve t\u00eb 25 prillit, nd\u00ebrsa vijuan akuzat p\u00ebr moslejimin e votimit t\u00eb emigrant\u00ebve.<\/p>\n<p><img loading=\"lazy\" decoding=\"async\" class=\"alignnone size-medium wp-image-184347\" src=\"https:\/\/zjarr.tv\/wp-content\/uploads\/2021\/05\/Untitled-design-2021-05-24T164526.244-300x251.jpg\" alt=\"\" width=\"300\" height=\"251\" srcset=\"https:\/\/zjarr.tv\/wp-content\/uploads\/2021\/05\/Untitled-design-2021-05-24T164526.244-300x251.jpg 300w, https:\/\/zjarr.tv\/wp-content\/uploads\/2021\/05\/Untitled-design-2021-05-24T164526.244-768x644.jpg 768w, https:\/\/zjarr.tv\/wp-content\/uploads\/2021\/05\/Untitled-design-2021-05-24T164526.244-696x583.jpg 696w, https:\/\/zjarr.tv\/wp-content\/uploads\/2021\/05\/Untitled-design-2021-05-24T164526.244-501x420.jpg 501w, https:\/\/zjarr.tv\/wp-content\/uploads\/2021\/05\/Untitled-design-2021-05-24T164526.244.jpg 940w\" sizes=\"auto, (max-width: 300px) 100vw, 300px\" \/><\/p>\n","protected":false},"excerpt":{"rendered":"<p>LSI ka ankimuar n\u00eb Kolegjin Zgjedhor vendimin e KAS p\u00ebr zgjedhjet e 25 prillit n\u00eb qarkun e Gjirokastr\u00ebs. Me an\u00eb t\u00eb nj\u00eb dokumenti zyrtar Kryemadhi k\u00ebrkon nga Kolegji rr\u00ebzimin e vendimit t\u00eb KAS, n\u00eb t\u00eb cilit thuhet se nuk ka rip\u00ebrs\u00ebritje zgjedhjesh n\u00eb Gjirokast\u00ebr. LSI k\u00ebrkoi k\u00ebrkoi rip\u00ebrs\u00ebritje t\u00eb zgjedhjeve n\u00eb Bashkin\u00eb e Dropullit dhe [&hellip;]<\/p>\n","protected":false},"author":2030,"featured_media":184348,"comment_status":"closed","ping_status":"closed","sticky":false,"template":"","format":"standard","meta":{"footnotes":""},"categories":[241,1454],"tags":[],"class_list":{"0":"post-184346","1":"post","2":"type-post","3":"status-publish","4":"format-standard","5":"has-post-thumbnail","7":"category-aktualitet","8":"category-politike"},"_links":{"self":[{"href":"https:\/\/zjarr.tv\/sq\/wp-json\/wp\/v2\/posts\/184346","targetHints":{"allow":["GET"]}}],"collection":[{"href":"https:\/\/zjarr.tv\/sq\/wp-json\/wp\/v2\/posts"}],"about":[{"href":"https:\/\/zjarr.tv\/sq\/wp-json\/wp\/v2\/types\/post"}],"author":[{"embeddable":true,"href":"https:\/\/zjarr.tv\/sq\/wp-json\/wp\/v2\/users\/2030"}],"replies":[{"embeddable":true,"href":"https:\/\/zjarr.tv\/sq\/wp-json\/wp\/v2\/comments?post=184346"}],"version-history":[{"count":0,"href":"https:\/\/zjarr.tv\/sq\/wp-json\/wp\/v2\/posts\/184346\/revisions"}],"wp:featuredmedia":[{"embeddable":true,"href":"https:\/\/zjarr.tv\/sq\/wp-json\/wp\/v2\/media\/184348"}],"wp:attachment":[{"href":"https:\/\/zjarr.tv\/sq\/wp-json\/wp\/v2\/media?parent=184346"}],"wp:term":[{"taxonomy":"category","embeddable":true,"href":"https:\/\/zjarr.tv\/sq\/wp-json\/wp\/v2\/categories?post=184346"},{"taxonomy":"post_tag","embeddable":true,"href":"https:\/\/zjarr.tv\/sq\/wp-json\/wp\/v2\/tags?post=184346"}],"curies":[{"name":"wp","href":"https:\/\/api.w.org\/{rel}","templated":true}]}}