{"id":184670,"date":"2021-05-25T20:55:45","date_gmt":"2021-05-25T18:55:45","guid":{"rendered":"https:\/\/zjarr.tv\/?p=184670"},"modified":"2021-05-25T20:55:45","modified_gmt":"2021-05-25T18:55:45","slug":"kas-rrezoi-kerkesen-per-pavlefshmeri-te-zgjedhjeve-ne-gjirokaster-vv-padi-ne-kolegjin-zgjedhor","status":"publish","type":"post","link":"https:\/\/zjarr.tv\/sq\/kas-rrezoi-kerkesen-per-pavlefshmeri-te-zgjedhjeve-ne-gjirokaster-vv-padi-ne-kolegjin-zgjedhor\/","title":{"rendered":"KAS rr\u00ebzoi k\u00ebrkes\u00ebn p\u00ebr pavlefshm\u00ebri t\u00eb zgjedhjeve n\u00eb Gjirokast\u00ebr, VV padi n\u00eb Kolegjin Zgjedhor"},"content":{"rendered":"<p>L\u00ebvizja Vet\u00ebvendosje n\u00eb Shqip\u00ebri ka dor\u00ebzuar n\u00eb Kolegjin Zgjedhor nj\u00eb padi ndaj Komisionit t\u00eb Ankimimeve dhe Sanksioneve pas rr\u00ebzimit t\u00eb k\u00ebrkes\u00ebs p\u00ebr pavlefshm\u00ebri t\u00eb zgjedhjeve n\u00eb qarkun e Gjirokastr\u00ebs.<\/p>\n<p>POSTIMI<\/p>\n<p>\u201cDor\u00ebzohet padia ndaj vendimit t\u00eb KAS, n\u00eb Kolegjin Zgjedhor p\u00ebr pavlefshm\u00ebrin\u00eb e zgjedhjeve n\u00eb Qarkun Gjirokast\u00ebr<\/p>\n<p>Dje, dit\u00ebn e h\u00ebn\u00eb m\u00eb 24 maj 2021, Kreshnik Merxhani n\u00eb cil\u00ebsin\u00eb kandidatit nga zjedh\u00ebsit n\u00eb Qarkun e Gjirokastr\u00ebs n\u00eb zgjedhjet e 25 prillit, dor\u00ebzoi n\u00eb Kolegjin Zgjedhor Gjyq\u00ebsor padin\u00eb p\u00ebr t\u00eb kund\u00ebrshtuar vendimin e KAS.<\/p>\n<p>Ky vendim rr\u00ebzonte ankes\u00ebn ton\u00eb mb\u00ebshtetur mbi faktet e parregullsive dhe manipulimit t\u00eb procesit zgjedhor si dhe nj\u00eb s\u00ebr\u00eb veprash penale t\u00eb konstatuara, p\u00ebr pavlefshm\u00ebrin\u00eb e zgjedhjeve n\u00eb k\u00ebt\u00eb qark dhe p\u00ebrs\u00ebritjen e tyre.<\/p>\n<p>Seanca n\u00eb Kolegjin Zgjedhor p\u00ebr padin\u00eb e Kreshnik Merxhanit do t\u00eb mbahet dit\u00ebn e h\u00ebn\u00eb, m\u00eb 31 maj 2021, ora 10:00. P\u00ebrpjekjet tona p\u00ebr t\u00eb b\u00ebr\u00eb publik dhe denoncuar \u00e7do krim elektoral nuk do t\u00eb ndalen dhe s\u00eb bashku me to edhe k\u00ebrkesa p\u00ebr nd\u00ebshkimin e fajtor\u00ebve dhe vendosjen e drejt\u00ebsis\u00eb: mosnjohja e rezultatit dhe p\u00ebrs\u00ebritja e zgjedhjeve n\u00eb Qarkun e Gjirokastr\u00ebs por edhe n\u00eb dy qarqet e tjera ku kan\u00eb garuar kandidat\u00ebt e mb\u00ebshtetur nga L\u00ebvizja VV!<\/p>\n","protected":false},"excerpt":{"rendered":"<p>L\u00ebvizja Vet\u00ebvendosje n\u00eb Shqip\u00ebri ka dor\u00ebzuar n\u00eb Kolegjin Zgjedhor nj\u00eb padi ndaj Komisionit t\u00eb Ankimimeve dhe Sanksioneve pas rr\u00ebzimit t\u00eb k\u00ebrkes\u00ebs p\u00ebr pavlefshm\u00ebri t\u00eb zgjedhjeve n\u00eb qarkun e Gjirokastr\u00ebs. POSTIMI \u201cDor\u00ebzohet padia ndaj vendimit t\u00eb KAS, n\u00eb Kolegjin Zgjedhor p\u00ebr pavlefshm\u00ebrin\u00eb e zgjedhjeve n\u00eb Qarkun Gjirokast\u00ebr Dje, dit\u00ebn e h\u00ebn\u00eb m\u00eb 24 maj 2021, Kreshnik [&hellip;]<\/p>\n","protected":false},"author":2031,"featured_media":184671,"comment_status":"closed","ping_status":"closed","sticky":false,"template":"","format":"standard","meta":{"footnotes":""},"categories":[231],"tags":[3066,312,458],"class_list":{"0":"post-184670","1":"post","2":"type-post","3":"status-publish","4":"format-standard","5":"has-post-thumbnail","7":"category-lajme","8":"tag-kas","9":"tag-lajme","10":"tag-zjarrtv"},"_links":{"self":[{"href":"https:\/\/zjarr.tv\/sq\/wp-json\/wp\/v2\/posts\/184670","targetHints":{"allow":["GET"]}}],"collection":[{"href":"https:\/\/zjarr.tv\/sq\/wp-json\/wp\/v2\/posts"}],"about":[{"href":"https:\/\/zjarr.tv\/sq\/wp-json\/wp\/v2\/types\/post"}],"author":[{"embeddable":true,"href":"https:\/\/zjarr.tv\/sq\/wp-json\/wp\/v2\/users\/2031"}],"replies":[{"embeddable":true,"href":"https:\/\/zjarr.tv\/sq\/wp-json\/wp\/v2\/comments?post=184670"}],"version-history":[{"count":0,"href":"https:\/\/zjarr.tv\/sq\/wp-json\/wp\/v2\/posts\/184670\/revisions"}],"wp:featuredmedia":[{"embeddable":true,"href":"https:\/\/zjarr.tv\/sq\/wp-json\/wp\/v2\/media\/184671"}],"wp:attachment":[{"href":"https:\/\/zjarr.tv\/sq\/wp-json\/wp\/v2\/media?parent=184670"}],"wp:term":[{"taxonomy":"category","embeddable":true,"href":"https:\/\/zjarr.tv\/sq\/wp-json\/wp\/v2\/categories?post=184670"},{"taxonomy":"post_tag","embeddable":true,"href":"https:\/\/zjarr.tv\/sq\/wp-json\/wp\/v2\/tags?post=184670"}],"curies":[{"name":"wp","href":"https:\/\/api.w.org\/{rel}","templated":true}]}}