{"id":184691,"date":"2021-05-26T08:02:30","date_gmt":"2021-05-26T06:02:30","guid":{"rendered":"https:\/\/zjarr.tv\/?p=184691"},"modified":"2021-05-26T08:07:21","modified_gmt":"2021-05-26T06:07:21","slug":"nisma-e-ps-per-shkarkimin-e-metes-be-zgjedhjet-e-25-prillit-plotesuan-kushtet-per-negociatat","status":"publish","type":"post","link":"https:\/\/zjarr.tv\/sq\/nisma-e-ps-per-shkarkimin-e-metes-be-zgjedhjet-e-25-prillit-plotesuan-kushtet-per-negociatat\/","title":{"rendered":"Nisma e PS p\u00ebr shkarkimin e Met\u00ebs\/ BE: Zgjedhjet e 25 Prillit plot\u00ebsuan kushtet p\u00ebr negociatat\u2026"},"content":{"rendered":"<p style=\"margin-top: 0in; background: white;\"><span style=\"color: #212529;\">Ambasadori i BE n\u00eb vendin ton\u00eb Luigi Soreca, ashtu si n\u00eb rastin e shpalljes \u201cnon gratta\u201d t\u00eb ish-kryeministrit Sali Berisha, nuk ka pasur koment p\u00ebr komisionin parlamentar p\u00ebr shkarkimin e Presidentit Ilir Meta.<\/span><\/p>\n<p style=\"margin-top: 0in; background: white; box-sizing: border-box; margin-bottom: 1rem; font-variant-ligatures: normal; font-variant-caps: normal; orphans: 2; widows: 2; -webkit-text-stroke-width: 0px; text-decoration-thickness: initial; text-decoration-style: initial; text-decoration-color: initial; word-spacing: 0px;\">\u00a0<span style=\"color: #212529;\">Pyetjes p\u00ebr k\u00ebt\u00eb zhvillim nga ana e mazhoranc\u00ebs, zoti Soreca \u00ebsht\u00eb shprehur se k\u00ebto jan\u00eb \u00e7\u00ebshtje q\u00eb i takojn\u00eb pun\u00ebve t\u00eb brendshme t\u00eb Shqip\u00ebris\u00eb. Nd\u00ebrkaq, nuk ka ngurruar t\u00eb vler\u00ebsoj\u00eb Zgjedhjet e 25 Prillit si proces.<\/span><\/p>\n<p style=\"margin-top: 0in; background: white; box-sizing: border-box; margin-bottom: 1rem; font-variant-ligatures: normal; font-variant-caps: normal; orphans: 2; widows: 2; -webkit-text-stroke-width: 0px; text-decoration-thickness: initial; text-decoration-style: initial; text-decoration-color: initial; word-spacing: 0px;\"><span style=\"color: #212529;\">\u00a0Madje ai shkoi edhe m\u00eb tej duke th\u00ebn\u00eb se jan\u00eb pik\u00ebrisht k\u00ebto zgjedhje, q\u00eb p\u00ebrmbush\u00ebn kushtet e \u00e7eljes s\u00eb negociatave q\u00eb priten s\u00eb shpejti nga KE. P\u00ebr zotin Soreca edhe n\u00eb raportin paraprak t\u00eb OSBE\/ODIHR, \u00ebsht\u00eb vler\u00ebsuar procesi zgjedhor n\u00eb dit\u00ebn e zgjedhjeve.<\/span><\/p>\n<p style=\"margin-top: 0in; background: white; box-sizing: border-box; margin-bottom: 1rem; font-variant-ligatures: normal; font-variant-caps: normal; orphans: 2; widows: 2; -webkit-text-stroke-width: 0px; text-decoration-thickness: initial; text-decoration-style: initial; text-decoration-color: initial; word-spacing: 0px;\"><span style=\"color: #212529;\">K\u00ebto komente politike Soreca, i ka b\u00ebr\u00eb nga P\u00ebrmeti nga ku ndodhej n\u00eb kuad\u00ebr t\u00eb turit nj\u00eb javor q\u00eb ka nd\u00ebrmarr\u00eb n\u00eb t\u00eb gjith\u00eb vendin n\u00eb kuad\u00ebr t\u00eb \u201cJav\u00ebs s\u00eb Europ\u00ebs\u201d.<\/span><\/p>\n<p style=\"margin-top: 0in; background: white; box-sizing: border-box; margin-bottom: 1rem; font-variant-ligatures: normal; font-variant-caps: normal; orphans: 2; widows: 2; -webkit-text-stroke-width: 0px; text-decoration-thickness: initial; text-decoration-style: initial; text-decoration-color: initial; word-spacing: 0px;\"><span style=\"color: #212529;\">Itinerarin e takimeve Soreca e ka nisur me nj\u00eb takim me kryebashkiaken e P\u00ebrmetit Alma Hoxha, nga ku \u00ebsht\u00eb njohur me projektet e financuara nga BE n\u00eb k\u00ebt\u00eb qytet. Kryebashkiakja Hoxha me k\u00ebt\u00eb rast ve\u00e7se ka vler\u00ebsuar Sorec\u00ebn, i ka dh\u00ebn\u00eb edhe \u00e7el\u00ebsin e qytetit.<\/span><\/p>\n<p style=\"margin-top: 0in; background: white; box-sizing: border-box; margin-bottom: 1rem; font-variant-ligatures: normal; font-variant-caps: normal; orphans: 2; widows: 2; -webkit-text-stroke-width: 0px; text-decoration-thickness: initial; text-decoration-style: initial; text-decoration-color: initial; word-spacing: 0px;\"><span style=\"color: #212529;\">\u00a0N\u00eb takimet n\u00eb P\u00ebrmet, ambasadori i BE n\u00eb vendin ton\u00eb, ka inspektuar edhe panairin me punime t\u00eb t\u00eb rinjve vendas, produkte artizanale. Soreca shoq\u00ebrohej nga ambasadorja e Greqis\u00eb Eleni Filipidhu, p\u00ebrfaq\u00ebsues t\u00eb Ambasad\u00ebs Italiane n\u00eb Tiran\u00eb, si dhe ambasadori shqiptar t\u00eb BE Zef Mazi.<\/span><\/p>\n","protected":false},"excerpt":{"rendered":"<p>Ambasadori i BE n\u00eb vendin ton\u00eb Luigi Soreca, ashtu si n\u00eb rastin e shpalljes \u201cnon gratta\u201d t\u00eb ish-kryeministrit Sali Berisha, nuk ka pasur koment p\u00ebr komisionin parlamentar p\u00ebr shkarkimin e Presidentit Ilir Meta. \u00a0Pyetjes p\u00ebr k\u00ebt\u00eb zhvillim nga ana e mazhoranc\u00ebs, zoti Soreca \u00ebsht\u00eb shprehur se k\u00ebto jan\u00eb \u00e7\u00ebshtje q\u00eb i takojn\u00eb pun\u00ebve t\u00eb brendshme [&hellip;]<\/p>\n","protected":false},"author":2016,"featured_media":184694,"comment_status":"closed","ping_status":"closed","sticky":false,"template":"","format":"standard","meta":{"footnotes":""},"categories":[241],"tags":[3293],"class_list":{"0":"post-184691","1":"post","2":"type-post","3":"status-publish","4":"format-standard","5":"has-post-thumbnail","7":"category-aktualitet","8":"tag-lajme-zjarr-shkarkimi-i-metes-zjarr-tv"},"_links":{"self":[{"href":"https:\/\/zjarr.tv\/sq\/wp-json\/wp\/v2\/posts\/184691","targetHints":{"allow":["GET"]}}],"collection":[{"href":"https:\/\/zjarr.tv\/sq\/wp-json\/wp\/v2\/posts"}],"about":[{"href":"https:\/\/zjarr.tv\/sq\/wp-json\/wp\/v2\/types\/post"}],"author":[{"embeddable":true,"href":"https:\/\/zjarr.tv\/sq\/wp-json\/wp\/v2\/users\/2016"}],"replies":[{"embeddable":true,"href":"https:\/\/zjarr.tv\/sq\/wp-json\/wp\/v2\/comments?post=184691"}],"version-history":[{"count":0,"href":"https:\/\/zjarr.tv\/sq\/wp-json\/wp\/v2\/posts\/184691\/revisions"}],"wp:featuredmedia":[{"embeddable":true,"href":"https:\/\/zjarr.tv\/sq\/wp-json\/wp\/v2\/media\/184694"}],"wp:attachment":[{"href":"https:\/\/zjarr.tv\/sq\/wp-json\/wp\/v2\/media?parent=184691"}],"wp:term":[{"taxonomy":"category","embeddable":true,"href":"https:\/\/zjarr.tv\/sq\/wp-json\/wp\/v2\/categories?post=184691"},{"taxonomy":"post_tag","embeddable":true,"href":"https:\/\/zjarr.tv\/sq\/wp-json\/wp\/v2\/tags?post=184691"}],"curies":[{"name":"wp","href":"https:\/\/api.w.org\/{rel}","templated":true}]}}