{"id":184702,"date":"2021-05-26T08:34:21","date_gmt":"2021-05-26T06:34:21","guid":{"rendered":"https:\/\/zjarr.tv\/?p=184702"},"modified":"2021-05-26T08:34:21","modified_gmt":"2021-05-26T06:34:21","slug":"degjeneron-situata-te-kukesi-plas-grushti-mes-kapitenit-dhe-vellait-te-safet-gjicit","status":"publish","type":"post","link":"https:\/\/zjarr.tv\/sq\/degjeneron-situata-te-kukesi-plas-grushti-mes-kapitenit-dhe-vellait-te-safet-gjicit\/","title":{"rendered":"Degjeneron situata te Kuk\u00ebsi\/ Plas grushti mes kapitenit dhe v\u00ebllait t\u00eb Safet Gjicit\u2026"},"content":{"rendered":"<p>\u00cbsht\u00eb e disata her\u00eb q\u00eb futbollist\u00ebt kan\u00eb ngritur z\u00ebrin p\u00ebr pagat e prapambetura, madje edhe kan\u00eb bojkotuar st\u00ebrvitjen por n\u00eb n\u00eb momentet e fundit \u00ebsht\u00eb gjetur zgjidhja p\u00ebr t\u00eb zbritur n\u00eb fush\u00eb.<\/p>\n<p>Dit\u00ebn e djeshme, futbollist\u00ebve u \u00ebsht\u00eb shp\u00ebrndar\u00eb nj\u00eb let\u00ebr zyrtare nga klubi, me emrin e administratorit Lavdrim Gjici, ku u k\u00ebrkohet t\u00eb heqin dor\u00eb nga detyrimet financiare q\u00eb ka klubi gjat\u00eb k\u00ebtij viti, n\u00eb k\u00ebmbim t\u00eb nj\u00eb page t\u00eb vetme.<\/p>\n<p>Shum\u00eb prej tyre, nuk kan\u00eb pranuar k\u00ebt\u00eb dhe Vesel Limaj ka k\u00ebrkuar sqarim, por n\u00eb debat e sip\u00ebr \u00ebsht\u00eb konfrontuar fizikisht me vllain e presidentit t\u00eb nderit Safet Gjici, ku nuk kan\u00eb munguar edhe grushtet. \u00cbsht\u00eb dashur nd\u00ebrhyrja e t\u00eb tjer\u00ebve p\u00ebr t\u00eb shmangur situat\u00ebn.<\/p>\n<p>Nga burime t\u00eb futbollist\u00ebve p\u00ebr \u201cKonica.al\u201d, m\u00ebsohet se futbollist\u00ebt nuk jan\u00eb paguar q\u00eb nga muaji janar i k\u00ebtij viti. Jan\u00eb mbi 4 muaj t\u00eb prapambetura, nd\u00ebrkoh\u00eb q\u00eb lojtar\u00ebt mendohet t\u00eb bojkotojn\u00eb st\u00ebrvitjen e djeshme dhe vihet n\u00eb rrezik ndeshja e nes\u00ebrme me Kastriotin.<\/p>\n<p><img loading=\"lazy\" decoding=\"async\" class=\"alignnone size-full wp-image-184704\" src=\"https:\/\/zjarr.tv\/wp-content\/uploads\/2021\/05\/foto-8.jpg\" alt=\"\" width=\"900\" height=\"938\" srcset=\"https:\/\/zjarr.tv\/wp-content\/uploads\/2021\/05\/foto-8.jpg 900w, https:\/\/zjarr.tv\/wp-content\/uploads\/2021\/05\/foto-8-288x300.jpg 288w, https:\/\/zjarr.tv\/wp-content\/uploads\/2021\/05\/foto-8-768x800.jpg 768w, https:\/\/zjarr.tv\/wp-content\/uploads\/2021\/05\/foto-8-696x725.jpg 696w, https:\/\/zjarr.tv\/wp-content\/uploads\/2021\/05\/foto-8-403x420.jpg 403w\" sizes=\"auto, (max-width: 900px) 100vw, 900px\" \/><\/p>\n","protected":false},"excerpt":{"rendered":"<p>\u00cbsht\u00eb e disata her\u00eb q\u00eb futbollist\u00ebt kan\u00eb ngritur z\u00ebrin p\u00ebr pagat e prapambetura, madje edhe kan\u00eb bojkotuar st\u00ebrvitjen por n\u00eb n\u00eb momentet e fundit \u00ebsht\u00eb gjetur zgjidhja p\u00ebr t\u00eb zbritur n\u00eb fush\u00eb. Dit\u00ebn e djeshme, futbollist\u00ebve u \u00ebsht\u00eb shp\u00ebrndar\u00eb nj\u00eb let\u00ebr zyrtare nga klubi, me emrin e administratorit Lavdrim Gjici, ku u k\u00ebrkohet t\u00eb heqin [&hellip;]<\/p>\n","protected":false},"author":2016,"featured_media":184705,"comment_status":"closed","ping_status":"closed","sticky":false,"template":"","format":"standard","meta":{"footnotes":""},"categories":[241,192],"tags":[3296],"class_list":{"0":"post-184702","1":"post","2":"type-post","3":"status-publish","4":"format-standard","5":"has-post-thumbnail","7":"category-aktualitet","8":"category-sport","9":"tag-lajme-zjarr-degjeneron-situata-zjarr-tv"},"_links":{"self":[{"href":"https:\/\/zjarr.tv\/sq\/wp-json\/wp\/v2\/posts\/184702","targetHints":{"allow":["GET"]}}],"collection":[{"href":"https:\/\/zjarr.tv\/sq\/wp-json\/wp\/v2\/posts"}],"about":[{"href":"https:\/\/zjarr.tv\/sq\/wp-json\/wp\/v2\/types\/post"}],"author":[{"embeddable":true,"href":"https:\/\/zjarr.tv\/sq\/wp-json\/wp\/v2\/users\/2016"}],"replies":[{"embeddable":true,"href":"https:\/\/zjarr.tv\/sq\/wp-json\/wp\/v2\/comments?post=184702"}],"version-history":[{"count":0,"href":"https:\/\/zjarr.tv\/sq\/wp-json\/wp\/v2\/posts\/184702\/revisions"}],"wp:featuredmedia":[{"embeddable":true,"href":"https:\/\/zjarr.tv\/sq\/wp-json\/wp\/v2\/media\/184705"}],"wp:attachment":[{"href":"https:\/\/zjarr.tv\/sq\/wp-json\/wp\/v2\/media?parent=184702"}],"wp:term":[{"taxonomy":"category","embeddable":true,"href":"https:\/\/zjarr.tv\/sq\/wp-json\/wp\/v2\/categories?post=184702"},{"taxonomy":"post_tag","embeddable":true,"href":"https:\/\/zjarr.tv\/sq\/wp-json\/wp\/v2\/tags?post=184702"}],"curies":[{"name":"wp","href":"https:\/\/api.w.org\/{rel}","templated":true}]}}