{"id":184707,"date":"2021-05-26T08:43:27","date_gmt":"2021-05-26T06:43:27","guid":{"rendered":"https:\/\/zjarr.tv\/?p=184707"},"modified":"2021-05-26T08:43:27","modified_gmt":"2021-05-26T06:43:27","slug":"gjykata-kushtetuese-i-dha-te-drejte-presidentit-meta-7-0-kunder-rames","status":"publish","type":"post","link":"https:\/\/zjarr.tv\/sq\/gjykata-kushtetuese-i-dha-te-drejte-presidentit-meta-7-0-kunder-rames\/","title":{"rendered":"Gjykata Kushtetuese i dha t\u00eb drejt\u00eb Presidentit Meta\/ 7-0 kund\u00ebr Ram\u00ebs\u2026"},"content":{"rendered":"<p>Gjykata Kushtetuese, i ka dh\u00ebn\u00eb t\u00eb drejt\u00eb Presidentit Ilir Meta, lidhur me p\u00ebrplasjen me Kryeministrin Edi Rama, p\u00ebr em\u00ebrimin e an\u00ebtar\u00ebve t\u00eb kabinetit qeveritar.<\/p>\n<p>N\u00eb vendimin e saj, t\u00eb votuar 7 -0 nga gjyqtar\u00ebt, Kushtetuesja thot\u00eb se p\u00ebr rastin e em\u00ebrimit t\u00eb Ministrit t\u00eb Jasht\u00ebm, Gent Cakaj, \u201cnuk ekziston mosmarr\u00ebveshje mes Presidentit dhe Kryeministrit n\u00eb rastin Cakaj. Presidenti ka kompetenca vler\u00ebsuese n\u00eb procesin kushtetues t\u00eb vler\u00ebsimit dhe em\u00ebrimit t\u00eb nj\u00eb ministri, si t\u00eb aspektit t\u00eb plot\u00ebsimit t\u00eb kritereve q\u00eb p\u00ebrcakton Kushtetuta, ashtu dhe t\u00eb merit\u00ebs. Roli Presidentit nuk \u00ebsht\u00eb formal. Ai s\u2019mund t\u00eb jet\u00eb noter i propozimit politik t\u00eb Kryeministrit\u201d.<\/p>\n<p>Gjykata thekson se \u201cPresidenti tregoi luajalitet ndaj Kryeministrit, duke e konsultuar at\u00eb. Veprimet e Presidentit, u pranuan nga Kryeministri kur ai propozoi veten e tij si Minist\u00ebr i Jasht\u00ebm. Prandaj s\u2019ka mosmarr\u00ebveshje p\u00ebr t\u00eb zgjidhur nga Gjykata Kushtetuese\u201d.<\/p>\n<p>Gjithashtu, \u201cGjykata Kushtetuese njeh kompetenc\u00ebn e ndare t\u00eb em\u00ebrimit t\u00eb kabinetit qeveritar mes Kryeministrit, Presidentit dhe Kuvendit. Ato duhet t\u00eb veprojn\u00eb me luajalitet\u201d. N\u00eb k\u00ebt\u00eb m\u00ebnyr\u00eb, Gjykata Kushtetuese i jep t\u00eb drejt\u00eb Met\u00ebs n\u00eb mosem\u00ebrimin e Cakajt si Minist\u00ebr.<\/p>\n<p>&nbsp;<\/p>\n","protected":false},"excerpt":{"rendered":"<p>Gjykata Kushtetuese, i ka dh\u00ebn\u00eb t\u00eb drejt\u00eb Presidentit Ilir Meta, lidhur me p\u00ebrplasjen me Kryeministrin Edi Rama, p\u00ebr em\u00ebrimin e an\u00ebtar\u00ebve t\u00eb kabinetit qeveritar. N\u00eb vendimin e saj, t\u00eb votuar 7 -0 nga gjyqtar\u00ebt, Kushtetuesja thot\u00eb se p\u00ebr rastin e em\u00ebrimit t\u00eb Ministrit t\u00eb Jasht\u00ebm, Gent Cakaj, \u201cnuk ekziston mosmarr\u00ebveshje mes Presidentit dhe Kryeministrit n\u00eb [&hellip;]<\/p>\n","protected":false},"author":2016,"featured_media":184709,"comment_status":"closed","ping_status":"closed","sticky":false,"template":"","format":"standard","meta":{"footnotes":""},"categories":[241],"tags":[3297],"class_list":{"0":"post-184707","1":"post","2":"type-post","3":"status-publish","4":"format-standard","5":"has-post-thumbnail","7":"category-aktualitet","8":"tag-lajme-zjarr-gjykata-kushtetuese-i-dha-te-drejte-metes-zjarr-tv"},"_links":{"self":[{"href":"https:\/\/zjarr.tv\/sq\/wp-json\/wp\/v2\/posts\/184707","targetHints":{"allow":["GET"]}}],"collection":[{"href":"https:\/\/zjarr.tv\/sq\/wp-json\/wp\/v2\/posts"}],"about":[{"href":"https:\/\/zjarr.tv\/sq\/wp-json\/wp\/v2\/types\/post"}],"author":[{"embeddable":true,"href":"https:\/\/zjarr.tv\/sq\/wp-json\/wp\/v2\/users\/2016"}],"replies":[{"embeddable":true,"href":"https:\/\/zjarr.tv\/sq\/wp-json\/wp\/v2\/comments?post=184707"}],"version-history":[{"count":0,"href":"https:\/\/zjarr.tv\/sq\/wp-json\/wp\/v2\/posts\/184707\/revisions"}],"wp:featuredmedia":[{"embeddable":true,"href":"https:\/\/zjarr.tv\/sq\/wp-json\/wp\/v2\/media\/184709"}],"wp:attachment":[{"href":"https:\/\/zjarr.tv\/sq\/wp-json\/wp\/v2\/media?parent=184707"}],"wp:term":[{"taxonomy":"category","embeddable":true,"href":"https:\/\/zjarr.tv\/sq\/wp-json\/wp\/v2\/categories?post=184707"},{"taxonomy":"post_tag","embeddable":true,"href":"https:\/\/zjarr.tv\/sq\/wp-json\/wp\/v2\/tags?post=184707"}],"curies":[{"name":"wp","href":"https:\/\/api.w.org\/{rel}","templated":true}]}}