{"id":184710,"date":"2021-05-26T08:55:55","date_gmt":"2021-05-26T06:55:55","guid":{"rendered":"https:\/\/zjarr.tv\/?p=184710"},"modified":"2021-05-26T08:55:55","modified_gmt":"2021-05-26T06:55:55","slug":"ne-zvicer-cdo-qytetar-do-marre-nga-7500-franga-per-shkak-te-pandemise","status":"publish","type":"post","link":"https:\/\/zjarr.tv\/sq\/ne-zvicer-cdo-qytetar-do-marre-nga-7500-franga-per-shkak-te-pandemise\/","title":{"rendered":"N\u00eb Zvic\u00ebr \u00e7do qytetar do marr\u00eb nga 7500 Franga, p\u00ebr shkak t\u00eb pandemis\u00eb\u2026"},"content":{"rendered":"<p>N\u00eb Zvic\u00ebr, \u00ebsht\u00eb nisur nj\u00eb iniciativ\u00eb, e cila do t\u00eb kulmonte me referendum, p\u00ebr t\u00eb paguar \u00e7do qytetar zviceran 7500 CHF.<\/p>\n<p>Sipas planit nga banka komb\u00ebtare e Zvicr\u00ebs, do t\u00eb k\u00ebrkohej t\u00eb paguante 7,500 franga, p\u00ebr \u00e7do qytetar zviceran.<\/p>\n<p>E njohur si \u201cIniciativa e Parave t\u00eb Helikopterit\u201d, parat\u00eb do t\u00eb transferoheshin tek \u00e7do qytetar zviceran \u2013 p\u00ebrfshir\u00eb f\u00ebmij\u00ebt.<\/p>\n<p>N\u00eb zbatim t\u00eb rregullave t\u00eb drejtp\u00ebrdrejta t\u00eb demokracis\u00eb n\u00eb Zvic\u00ebr, n\u00ebse organizator\u00ebt marrin 100,000 n\u00ebnshkrime, \u00e7\u00ebshtja do t\u00eb hidhet n\u00eb votim.<\/p>\n","protected":false},"excerpt":{"rendered":"<p>N\u00eb Zvic\u00ebr, \u00ebsht\u00eb nisur nj\u00eb iniciativ\u00eb, e cila do t\u00eb kulmonte me referendum, p\u00ebr t\u00eb paguar \u00e7do qytetar zviceran 7500 CHF. Sipas planit nga banka komb\u00ebtare e Zvicr\u00ebs, do t\u00eb k\u00ebrkohej t\u00eb paguante 7,500 franga, p\u00ebr \u00e7do qytetar zviceran. E njohur si \u201cIniciativa e Parave t\u00eb Helikopterit\u201d, parat\u00eb do t\u00eb transferoheshin tek \u00e7do qytetar zviceran [&hellip;]<\/p>\n","protected":false},"author":2016,"featured_media":184712,"comment_status":"closed","ping_status":"closed","sticky":false,"template":"","format":"standard","meta":{"footnotes":""},"categories":[241,191],"tags":[3298],"class_list":{"0":"post-184710","1":"post","2":"type-post","3":"status-publish","4":"format-standard","5":"has-post-thumbnail","7":"category-aktualitet","8":"category-bota","9":"tag-lajme-zjarr-ne-zvicer-cdo-qytetar-do-marre-nga-7500-franga-zjarr-tv"},"_links":{"self":[{"href":"https:\/\/zjarr.tv\/sq\/wp-json\/wp\/v2\/posts\/184710","targetHints":{"allow":["GET"]}}],"collection":[{"href":"https:\/\/zjarr.tv\/sq\/wp-json\/wp\/v2\/posts"}],"about":[{"href":"https:\/\/zjarr.tv\/sq\/wp-json\/wp\/v2\/types\/post"}],"author":[{"embeddable":true,"href":"https:\/\/zjarr.tv\/sq\/wp-json\/wp\/v2\/users\/2016"}],"replies":[{"embeddable":true,"href":"https:\/\/zjarr.tv\/sq\/wp-json\/wp\/v2\/comments?post=184710"}],"version-history":[{"count":0,"href":"https:\/\/zjarr.tv\/sq\/wp-json\/wp\/v2\/posts\/184710\/revisions"}],"wp:featuredmedia":[{"embeddable":true,"href":"https:\/\/zjarr.tv\/sq\/wp-json\/wp\/v2\/media\/184712"}],"wp:attachment":[{"href":"https:\/\/zjarr.tv\/sq\/wp-json\/wp\/v2\/media?parent=184710"}],"wp:term":[{"taxonomy":"category","embeddable":true,"href":"https:\/\/zjarr.tv\/sq\/wp-json\/wp\/v2\/categories?post=184710"},{"taxonomy":"post_tag","embeddable":true,"href":"https:\/\/zjarr.tv\/sq\/wp-json\/wp\/v2\/tags?post=184710"}],"curies":[{"name":"wp","href":"https:\/\/api.w.org\/{rel}","templated":true}]}}