{"id":184719,"date":"2021-05-26T09:13:39","date_gmt":"2021-05-26T07:13:39","guid":{"rendered":"https:\/\/zjarr.tv\/?p=184719"},"modified":"2021-05-26T09:13:39","modified_gmt":"2021-05-26T07:13:39","slug":"vidhet-gjate-nates-njesia-administrative-shenkoll-ne-lezhe","status":"publish","type":"post","link":"https:\/\/zjarr.tv\/sq\/vidhet-gjate-nates-njesia-administrative-shenkoll-ne-lezhe\/","title":{"rendered":"Vidhet gjat\u00eb nat\u00ebs Nj\u00ebsia Administrative Sh\u00ebnkoll n\u00eb Lezh\u00eb\u2026"},"content":{"rendered":"<p style=\"line-height: 19.5pt; background: white; margin: 0in 0in 18.75pt 0in;\"><span style=\"color: #2c2f34;\">M\u00ebngj\u00ebsin e dit\u00ebs s\u00eb sotme, \u00ebsht\u00eb konstatuar se \u00ebsht\u00eb vjedhur Nj\u00ebsia Administrative Sh\u00ebnkoll, n\u00eb qarkun e Lezh\u00ebs.<\/span><\/p>\n<p style=\"margin: 0in; line-height: 19.5pt; background: white; outline: none; box-sizing: border-box; font-variant-ligatures: normal; font-variant-caps: normal; orphans: 2; text-align: start; widows: 2; -webkit-text-stroke-width: 0px; text-decoration-thickness: initial; text-decoration-style: initial; text-decoration-color: initial; word-spacing: 0px;\"><span style=\"color: #2c2f34;\">Vjedhja \u00ebsht\u00eb realizuar gjat\u00eb or\u00ebve t\u00eb nat\u00ebs, nd\u00ebrsa policia ka arritur n\u00eb vendin e ngjarjes dhe po punon p\u00ebr t\u00eb zbardhur m\u00eb shum\u00eb detaje rreth k\u00ebtij akti. Nuk b\u00ebhet e ditur n\u00ebse jan\u00eb vjedhur shuma parash, apo sende t\u00eb ndryshme materiale. Detaje t\u00eb tjera pritet t\u00eb b\u00ebhen publike n\u00eb vijim.<\/span><\/p>\n","protected":false},"excerpt":{"rendered":"<p>M\u00ebngj\u00ebsin e dit\u00ebs s\u00eb sotme, \u00ebsht\u00eb konstatuar se \u00ebsht\u00eb vjedhur Nj\u00ebsia Administrative Sh\u00ebnkoll, n\u00eb qarkun e Lezh\u00ebs. Vjedhja \u00ebsht\u00eb realizuar gjat\u00eb or\u00ebve t\u00eb nat\u00ebs, nd\u00ebrsa policia ka arritur n\u00eb vendin e ngjarjes dhe po punon p\u00ebr t\u00eb zbardhur m\u00eb shum\u00eb detaje rreth k\u00ebtij akti. Nuk b\u00ebhet e ditur n\u00ebse jan\u00eb vjedhur shuma parash, apo sende [&hellip;]<\/p>\n","protected":false},"author":2016,"featured_media":184721,"comment_status":"closed","ping_status":"closed","sticky":false,"template":"","format":"standard","meta":{"footnotes":""},"categories":[241],"tags":[3300],"class_list":{"0":"post-184719","1":"post","2":"type-post","3":"status-publish","4":"format-standard","5":"has-post-thumbnail","7":"category-aktualitet","8":"tag-lajme-zjarr-vidhet-njesia-administrative-zjarr-tv"},"_links":{"self":[{"href":"https:\/\/zjarr.tv\/sq\/wp-json\/wp\/v2\/posts\/184719","targetHints":{"allow":["GET"]}}],"collection":[{"href":"https:\/\/zjarr.tv\/sq\/wp-json\/wp\/v2\/posts"}],"about":[{"href":"https:\/\/zjarr.tv\/sq\/wp-json\/wp\/v2\/types\/post"}],"author":[{"embeddable":true,"href":"https:\/\/zjarr.tv\/sq\/wp-json\/wp\/v2\/users\/2016"}],"replies":[{"embeddable":true,"href":"https:\/\/zjarr.tv\/sq\/wp-json\/wp\/v2\/comments?post=184719"}],"version-history":[{"count":0,"href":"https:\/\/zjarr.tv\/sq\/wp-json\/wp\/v2\/posts\/184719\/revisions"}],"wp:featuredmedia":[{"embeddable":true,"href":"https:\/\/zjarr.tv\/sq\/wp-json\/wp\/v2\/media\/184721"}],"wp:attachment":[{"href":"https:\/\/zjarr.tv\/sq\/wp-json\/wp\/v2\/media?parent=184719"}],"wp:term":[{"taxonomy":"category","embeddable":true,"href":"https:\/\/zjarr.tv\/sq\/wp-json\/wp\/v2\/categories?post=184719"},{"taxonomy":"post_tag","embeddable":true,"href":"https:\/\/zjarr.tv\/sq\/wp-json\/wp\/v2\/tags?post=184719"}],"curies":[{"name":"wp","href":"https:\/\/api.w.org\/{rel}","templated":true}]}}