{"id":184742,"date":"2021-05-26T10:55:02","date_gmt":"2021-05-26T08:55:02","guid":{"rendered":"https:\/\/zjarr.tv\/?p=184742"},"modified":"2021-05-26T11:00:36","modified_gmt":"2021-05-26T09:00:36","slug":"perplasjet-brenda-selise-blu-arben-malaj-del-me-propozimin-e-rendesishem-per-partine-demokratike","status":"publish","type":"post","link":"https:\/\/zjarr.tv\/sq\/perplasjet-brenda-selise-blu-arben-malaj-del-me-propozimin-e-rendesishem-per-partine-demokratike\/","title":{"rendered":"P\u00ebrplasjet brenda selis\u00eb blu\/ Arben Malaj del me propozimin e r\u00ebnd\u00ebsish\u00ebm p\u00ebr Partin\u00eb Demokratike\u2026"},"content":{"rendered":"<p>Ish-ministri i Financave, Arben Malaj, ka dal\u00eb me nj\u00eb reagim t\u00eb fort\u00eb n\u00eb rrjete sociale, nisur nga zhvillimet e fundit brenda PD-s\u00eb dhe shpalljes \u201cnon-grata\u201d t\u00eb Sali Berish\u00ebs. Malaj shprehet se; ka ardhur momenti q\u00eb Berisha t\u00eb distancohet t\u00ebr\u00ebsisht nga PD-ja.<\/p>\n<p><strong>Postimi:<\/strong><\/p>\n<p>Mir\u00ebm\u00ebngjesi, i vet\u00eb-dijsh\u00ebm p\u00ebr impaktin q\u00eb kan\u00eb partit\u00eb politike n\u00eb jet\u00ebn e cdo shqiptari, po ndaj me ju disa ide p\u00ebr zgjedhjet brenda PD-s\u00eb.<\/p>\n<p>Disa kandidat\u00eb p\u00ebrball\u00eb Bash\u00ebs kan\u00eb n\u00eb qend\u00ebr t\u00eb platformave t\u00eb tyre besnik\u00ebrine ndaj Berishes dhe radikalizimin e opozit\u00ebs si kur shprehen edhe kur heshtin. Kjo n\u00ebnkupton se ata konfirmojn\u00eb se PD \u00ebsht\u00eb nj\u00eb parti e mbetur peng. \u00a0Berisha ka p\u00ebrgjegj\u00ebsin\u00eb edhe morale ndaj shqiptar\u00ebve q\u00eb ta k\u00ebputi sa m\u00eb par\u00eb k\u00ebt\u00eb pengmarrje, qoft\u00eb edhe jo t\u00eb dpd. Kjo fillon duke u vet\u00eb-shk\u00ebputur p\u00ebrfundimisht nga cdo angazhim aktiv n\u00eb PD dhe politik\u00ebn shqiptare. \u00a0Hapi i par\u00eb \u2013 vet\u00eb-largimi nga cdo struktur\u00eb drejtuese e PD-s\u00eb.<\/p>\n<p>Duke e vet\u00eb dor\u00ebzuar mandatin e deputetit. Sfida e Berish\u00ebs pas vendimit t\u00eb Departamentit t\u00eb shtetit, nuk do t\u00eb jet\u00eb ligjore por thell\u00ebsisht morale. Duke mb\u00ebshtetur publikisht cdo bashk\u00ebpunim opozit\u00eb-mazhorance q\u00eb leht\u00ebson integrimin n\u00eb BE. Berisha mund t\u00eb m\u00ebsoi\/ndjek sh\u00ebmbullin e Berluskonit q\u00eb nga nj\u00eb euroskeptik, \u00ebsht\u00eb sot nj\u00eb mb\u00ebshtet\u00ebs i fort\u00eb i BE-s\u00eb. Cdo sfid\u00eb n\u00eb jet\u00eb sidomos n\u00eb angazhimet publike e politike \u00ebsht\u00eb legacy\/trashgimnia, cfar\u00eb pasurie jo materiale i l\u00eb familjes t\u00ebnde, partis\u00eb politike dhe institucionit q\u00eb ke drejtuar<\/p>\n<p>Personalisht kam pasur p\u00ebrballje t\u00eb v\u00ebshtira n\u00eb publik dhe n\u00eb gjykata kund\u00ebr akuzave t\u00eb Berish\u00ebs. Kam gjyqe t\u00eb fituara, por nuk vrapoj t\u00eb g\u00ebzoj kur nj\u00eb politikan d\u00ebshton. Trishtohem q\u00eb kultura jon\u00eb politike nuk po ndryshon pozitivisht. Lidhja me krimin \u00ebsht\u00eb p\u00ebrkeq\u00ebsuar. Kapja e shtetit \u00ebsht\u00eb n\u00eb nivele k\u00ebrc\u00ebnuese. Frik\u00ebsimi i oponenc\u00ebs publike dhe sidomos blerja e heshtjes s\u00eb personaliteteve publike dhe shoq\u00ebris\u00eb civile na rikujton th\u00ebnien nd\u00ebrgjegj\u00ebsuese t\u00eb Albert Aishtajnit se: \u201cBota nuk \u00ebsht\u00eb nj\u00eb vend i v\u00ebshtir\u00eb p\u00ebr t\u00eb jetuar jo sepse ka njer\u00ebz t\u00eb k\u00ebqinj\u00eb, por sepse njer\u00ebzit e mir\u00eb nuk reagojn\u00eb ndaj njer\u00ebzve t\u00eb keqinj\u00eb. Dit\u00eb t\u00eb mbar\u00eb!\u201d \u2013 shkruan Malaj.<\/p>\n","protected":false},"excerpt":{"rendered":"<p>Ish-ministri i Financave, Arben Malaj, ka dal\u00eb me nj\u00eb reagim t\u00eb fort\u00eb n\u00eb rrjete sociale, nisur nga zhvillimet e fundit brenda PD-s\u00eb dhe shpalljes \u201cnon-grata\u201d t\u00eb Sali Berish\u00ebs. Malaj shprehet se; ka ardhur momenti q\u00eb Berisha t\u00eb distancohet t\u00ebr\u00ebsisht nga PD-ja. Postimi: Mir\u00ebm\u00ebngjesi, i vet\u00eb-dijsh\u00ebm p\u00ebr impaktin q\u00eb kan\u00eb partit\u00eb politike n\u00eb jet\u00ebn e cdo [&hellip;]<\/p>\n","protected":false},"author":2016,"featured_media":184744,"comment_status":"closed","ping_status":"closed","sticky":false,"template":"","format":"standard","meta":{"footnotes":""},"categories":[241,1454],"tags":[3307],"class_list":{"0":"post-184742","1":"post","2":"type-post","3":"status-publish","4":"format-standard","5":"has-post-thumbnail","7":"category-aktualitet","8":"category-politike","9":"tag-lajme-zjarr-malaj-del-me-propozimin-e-rendesishem-zjarr-tv"},"_links":{"self":[{"href":"https:\/\/zjarr.tv\/sq\/wp-json\/wp\/v2\/posts\/184742","targetHints":{"allow":["GET"]}}],"collection":[{"href":"https:\/\/zjarr.tv\/sq\/wp-json\/wp\/v2\/posts"}],"about":[{"href":"https:\/\/zjarr.tv\/sq\/wp-json\/wp\/v2\/types\/post"}],"author":[{"embeddable":true,"href":"https:\/\/zjarr.tv\/sq\/wp-json\/wp\/v2\/users\/2016"}],"replies":[{"embeddable":true,"href":"https:\/\/zjarr.tv\/sq\/wp-json\/wp\/v2\/comments?post=184742"}],"version-history":[{"count":0,"href":"https:\/\/zjarr.tv\/sq\/wp-json\/wp\/v2\/posts\/184742\/revisions"}],"wp:featuredmedia":[{"embeddable":true,"href":"https:\/\/zjarr.tv\/sq\/wp-json\/wp\/v2\/media\/184744"}],"wp:attachment":[{"href":"https:\/\/zjarr.tv\/sq\/wp-json\/wp\/v2\/media?parent=184742"}],"wp:term":[{"taxonomy":"category","embeddable":true,"href":"https:\/\/zjarr.tv\/sq\/wp-json\/wp\/v2\/categories?post=184742"},{"taxonomy":"post_tag","embeddable":true,"href":"https:\/\/zjarr.tv\/sq\/wp-json\/wp\/v2\/tags?post=184742"}],"curies":[{"name":"wp","href":"https:\/\/api.w.org\/{rel}","templated":true}]}}