{"id":184750,"date":"2021-05-26T11:10:34","date_gmt":"2021-05-26T09:10:34","guid":{"rendered":"https:\/\/zjarr.tv\/?p=184750"},"modified":"2021-05-26T11:10:34","modified_gmt":"2021-05-26T09:10:34","slug":"rama-inspekton-vaksinimet-ne-sheshin-skenderbej-neser-komiteti-do-te-dale-me-planin-e-ri-per-lehtesimin-e-masave","status":"publish","type":"post","link":"https:\/\/zjarr.tv\/sq\/rama-inspekton-vaksinimet-ne-sheshin-skenderbej-neser-komiteti-do-te-dale-me-planin-e-ri-per-lehtesimin-e-masave\/","title":{"rendered":"Rama inspekton vaksinimet n\u00eb sheshin Sk\u00ebnderbej: Nes\u00ebr Komiteti do t\u00eb dal\u00eb me planin e ri p\u00ebr leht\u00ebsimin e masave"},"content":{"rendered":"<p>Rama<\/p>\n<p>\u201cAjo q\u00eb mund t\u00eb shtoj \u00ebsht\u00eb se jemi n\u00eb nj\u00eb situat\u00eb optimale n\u00eb raport me planin e veprimit, por \u00ebsht\u00eb shum\u00eb shum\u00eb e r\u00ebnd\u00ebsishme, q\u00eb t\u00eb mos harrojm\u00eb se nuk kemi fiuar 100% rrug\u00ebn e daljes nga tuneli. Duhet t\u00eb vijojm\u00eb t\u00eb jemi t\u00eb kujdessh\u00ebm, nes\u00ebr Komiteti do t\u00eb dal\u00eb me planin e ri, me leht\u00ebsimin e m\u00ebtejsh\u00ebm t\u00eb masave, do t\u00eb p\u00ebrmbushet objektivi yn\u00eb p\u00ebr t\u00eb pasur nj\u00eb sezon t\u00eb mir\u00eb turistik.\u201d<\/p>\n","protected":false},"excerpt":{"rendered":"<p>Rama \u201cAjo q\u00eb mund t\u00eb shtoj \u00ebsht\u00eb se jemi n\u00eb nj\u00eb situat\u00eb optimale n\u00eb raport me planin e veprimit, por \u00ebsht\u00eb shum\u00eb shum\u00eb e r\u00ebnd\u00ebsishme, q\u00eb t\u00eb mos harrojm\u00eb se nuk kemi fiuar 100% rrug\u00ebn e daljes nga tuneli. Duhet t\u00eb vijojm\u00eb t\u00eb jemi t\u00eb kujdessh\u00ebm, nes\u00ebr Komiteti do t\u00eb dal\u00eb me planin e ri, [&hellip;]<\/p>\n","protected":false},"author":2016,"featured_media":184752,"comment_status":"closed","ping_status":"closed","sticky":false,"template":"","format":"standard","meta":{"footnotes":""},"categories":[241],"tags":[3309],"class_list":{"0":"post-184750","1":"post","2":"type-post","3":"status-publish","4":"format-standard","5":"has-post-thumbnail","7":"category-aktualitet","8":"tag-lajme-zjarr-rama-inspekton-vaksinimet-zjarr-tv"},"_links":{"self":[{"href":"https:\/\/zjarr.tv\/sq\/wp-json\/wp\/v2\/posts\/184750","targetHints":{"allow":["GET"]}}],"collection":[{"href":"https:\/\/zjarr.tv\/sq\/wp-json\/wp\/v2\/posts"}],"about":[{"href":"https:\/\/zjarr.tv\/sq\/wp-json\/wp\/v2\/types\/post"}],"author":[{"embeddable":true,"href":"https:\/\/zjarr.tv\/sq\/wp-json\/wp\/v2\/users\/2016"}],"replies":[{"embeddable":true,"href":"https:\/\/zjarr.tv\/sq\/wp-json\/wp\/v2\/comments?post=184750"}],"version-history":[{"count":0,"href":"https:\/\/zjarr.tv\/sq\/wp-json\/wp\/v2\/posts\/184750\/revisions"}],"wp:featuredmedia":[{"embeddable":true,"href":"https:\/\/zjarr.tv\/sq\/wp-json\/wp\/v2\/media\/184752"}],"wp:attachment":[{"href":"https:\/\/zjarr.tv\/sq\/wp-json\/wp\/v2\/media?parent=184750"}],"wp:term":[{"taxonomy":"category","embeddable":true,"href":"https:\/\/zjarr.tv\/sq\/wp-json\/wp\/v2\/categories?post=184750"},{"taxonomy":"post_tag","embeddable":true,"href":"https:\/\/zjarr.tv\/sq\/wp-json\/wp\/v2\/tags?post=184750"}],"curies":[{"name":"wp","href":"https:\/\/api.w.org\/{rel}","templated":true}]}}