{"id":184771,"date":"2021-05-26T11:39:39","date_gmt":"2021-05-26T09:39:39","guid":{"rendered":"https:\/\/zjarr.tv\/?p=184771"},"modified":"2021-05-26T11:39:39","modified_gmt":"2021-05-26T09:39:39","slug":"ministri-i-jashtem-gjerman-ultimatum-be-mbani-premtimin-per-negociatat-e-shqiperise-dhe-maqedonise-veproni-tani-qe-te-mos-kete-dyshime","status":"publish","type":"post","link":"https:\/\/zjarr.tv\/sq\/ministri-i-jashtem-gjerman-ultimatum-be-mbani-premtimin-per-negociatat-e-shqiperise-dhe-maqedonise-veproni-tani-qe-te-mos-kete-dyshime\/","title":{"rendered":"Ministri i Jasht\u00ebm gjerman \u201cultimatum\u201d BE: Mbani premtimin p\u00ebr negociatat e Shqip\u00ebris\u00eb dhe Maqedonis\u00eb! Veproni tani q\u00eb t\u00eb mos ket\u00eb dyshime"},"content":{"rendered":"<p>Ministri i Jasht\u00ebm gjerman Michael Roth i d\u00ebrgon nj\u00eb mesazh t\u00eb qart\u00eb Bashkimit Europian: E ardhmja e Shqip\u00ebris\u00eb dhe Maqedonis\u00eb s\u00eb Veriut, dhe e gjith\u00eb Ballkanit Per\u00ebndimor \u00ebsht\u00eb europiane.<\/p>\n<p>P\u00ebrmes nj\u00eb sh\u00ebnimi n\u00eb Twitter, Roth b\u00ebn me dije se \u00ebsht\u00eb duke udh\u00ebtuar drejt Shkupit dhe Tiran\u00ebs, nd\u00ebrsa i d\u00ebrgon \u201cultimatum\u201d BE q\u00eb t\u00eb mbaj\u00eb premtimin p\u00ebr dy vendet, dhe t\u00eb filloj\u00eb procesin e bisedimeve p\u00ebr an\u00ebtar\u00ebsim.<\/p>\n<p>\u201cRrug\u00ebs p\u00ebr n\u00eb Shkup dhe Tiran\u00eb! \u00cbsht\u00eb koha q\u00eb BE t\u00eb mbaj\u00eb premtimet e saj dhe t\u00eb filloj\u00eb bisedimet e pranimit me Maqedonin\u00eb e Veriut dhe Shqip\u00ebrin\u00eb. E ardhmja e Ballkanit Per\u00ebndimor \u00ebsht\u00eb Evropiane \u2013 vepro me vendosm\u00ebri tani n\u00eb m\u00ebnyr\u00eb q\u00eb t\u00eb mos ket\u00eb dyshim p\u00ebr t\u00eb\u201d, shkruan Roth.<\/p>\n<p><img loading=\"lazy\" decoding=\"async\" class=\"alignnone size-medium wp-image-184774\" src=\"https:\/\/zjarr.tv\/wp-content\/uploads\/2021\/05\/Untitled-design-2021-05-26T113930.659-300x251.jpg\" alt=\"\" width=\"300\" height=\"251\" srcset=\"https:\/\/zjarr.tv\/wp-content\/uploads\/2021\/05\/Untitled-design-2021-05-26T113930.659-300x251.jpg 300w, https:\/\/zjarr.tv\/wp-content\/uploads\/2021\/05\/Untitled-design-2021-05-26T113930.659-768x644.jpg 768w, https:\/\/zjarr.tv\/wp-content\/uploads\/2021\/05\/Untitled-design-2021-05-26T113930.659-696x583.jpg 696w, https:\/\/zjarr.tv\/wp-content\/uploads\/2021\/05\/Untitled-design-2021-05-26T113930.659-501x420.jpg 501w, https:\/\/zjarr.tv\/wp-content\/uploads\/2021\/05\/Untitled-design-2021-05-26T113930.659.jpg 940w\" sizes=\"auto, (max-width: 300px) 100vw, 300px\" \/><\/p>\n","protected":false},"excerpt":{"rendered":"<p>Ministri i Jasht\u00ebm gjerman Michael Roth i d\u00ebrgon nj\u00eb mesazh t\u00eb qart\u00eb Bashkimit Europian: E ardhmja e Shqip\u00ebris\u00eb dhe Maqedonis\u00eb s\u00eb Veriut, dhe e gjith\u00eb Ballkanit Per\u00ebndimor \u00ebsht\u00eb europiane. P\u00ebrmes nj\u00eb sh\u00ebnimi n\u00eb Twitter, Roth b\u00ebn me dije se \u00ebsht\u00eb duke udh\u00ebtuar drejt Shkupit dhe Tiran\u00ebs, nd\u00ebrsa i d\u00ebrgon \u201cultimatum\u201d BE q\u00eb t\u00eb mbaj\u00eb premtimin [&hellip;]<\/p>\n","protected":false},"author":2030,"featured_media":184773,"comment_status":"closed","ping_status":"closed","sticky":false,"template":"","format":"standard","meta":{"footnotes":""},"categories":[241],"tags":[],"class_list":{"0":"post-184771","1":"post","2":"type-post","3":"status-publish","4":"format-standard","5":"has-post-thumbnail","7":"category-aktualitet"},"_links":{"self":[{"href":"https:\/\/zjarr.tv\/sq\/wp-json\/wp\/v2\/posts\/184771","targetHints":{"allow":["GET"]}}],"collection":[{"href":"https:\/\/zjarr.tv\/sq\/wp-json\/wp\/v2\/posts"}],"about":[{"href":"https:\/\/zjarr.tv\/sq\/wp-json\/wp\/v2\/types\/post"}],"author":[{"embeddable":true,"href":"https:\/\/zjarr.tv\/sq\/wp-json\/wp\/v2\/users\/2030"}],"replies":[{"embeddable":true,"href":"https:\/\/zjarr.tv\/sq\/wp-json\/wp\/v2\/comments?post=184771"}],"version-history":[{"count":0,"href":"https:\/\/zjarr.tv\/sq\/wp-json\/wp\/v2\/posts\/184771\/revisions"}],"wp:featuredmedia":[{"embeddable":true,"href":"https:\/\/zjarr.tv\/sq\/wp-json\/wp\/v2\/media\/184773"}],"wp:attachment":[{"href":"https:\/\/zjarr.tv\/sq\/wp-json\/wp\/v2\/media?parent=184771"}],"wp:term":[{"taxonomy":"category","embeddable":true,"href":"https:\/\/zjarr.tv\/sq\/wp-json\/wp\/v2\/categories?post=184771"},{"taxonomy":"post_tag","embeddable":true,"href":"https:\/\/zjarr.tv\/sq\/wp-json\/wp\/v2\/tags?post=184771"}],"curies":[{"name":"wp","href":"https:\/\/api.w.org\/{rel}","templated":true}]}}